{"id":175980,"date":"2016-03-29T09:10:00","date_gmt":"2016-03-29T07:10:00","guid":{"rendered":"http:\/\/www.radioluna.it\/news\/?p=175980"},"modified":"2016-03-29T11:03:06","modified_gmt":"2016-03-29T09:03:06","slug":"m-u-d-un-convegno-organizzato-dalla-camera-di-commercio","status":"publish","type":"post","link":"https:\/\/www.radioluna.it\/news\/2016\/03\/m-u-d-un-convegno-organizzato-dalla-camera-di-commercio\/","title":{"rendered":"M.u.d. ,un convegno organizzato dalla Camera di Commercio"},"content":{"rendered":"<div id=\"fb-root\"><\/div>\n<p style=\"text-align: justify;\"><strong><a href=\"http:\/\/www.radioluna.it\/news\/wp-content\/uploads\/2014\/09\/Universit\u00e0-rettorato.bmp\"><img loading=\"lazy\" decoding=\"async\" class=\"aligncenter size-full wp-image-155762\" src=\"http:\/\/www.radioluna.it\/news\/wp-content\/uploads\/2014\/09\/Universit\u00e0-rettorato.bmp\" alt=\"Universit\u00e0 rettorato\" width=\"640\" height=\"480\" srcset=\"https:\/\/www.radioluna.it\/news\/wp-content\/uploads\/2014\/09\/Universit\u00e0-rettorato.bmp 640w, https:\/\/www.radioluna.it\/news\/wp-content\/uploads\/2014\/09\/Universit\u00e0-rettorato-300x225.bmp 300w, https:\/\/www.radioluna.it\/news\/wp-content\/uploads\/2014\/09\/Universit\u00e0-rettorato-500x375.bmp 500w\" sizes=\"auto, (max-width: 640px) 100vw, 640px\" \/><\/a>LATINA<\/strong> &#8211;\u00a0Si terr\u00e0 <b>mercoled\u00ec 30 marzo<\/b> dalle \u00a09 alle 14 nella sala conferenze della facolt\u00e0 di Economia della Sapienza a Latina in Viale XXIV Maggio, il convegno organizzato dalla Camera di Commercio di Latina dedicato al <b>M.U.D. \u2013 MODELLO UNICO DI DICHIARAZIONE AMBIENTALE<\/b>.<\/p>\n<p style=\"text-align: justify;\" align=\"JUSTIFY\">Il 30 aprile 2016 scadono infatti i termini per la presentazione con i dati relativi all\u2019anno 2015.\u00a0Il seminario informativo &#8211; operativo, organizzato in collaborazione con la societ\u00e0 EcoCerved di Bologna, sar\u00e0 dedicato alle modalit\u00e0 di compilazione e trasmissione del M.U.D. 2016.\u00a0La partecipazione \u00e8 gratuita.<\/p>\n<p style=\"text-align: justify;\" align=\"JUSTIFY\">Per gli iscritti all&#8217;Ordine dei Dottori Commercialisti e degli Esperti Contabili, la partecipazione attribuir\u00e0\u0300 5 crediti formativi.\u00a0Aprir\u00e0 i lavori alle 9.30 il Dott. Domenico Spagnoli, Vice Segretario Generale della Camera di Commercio e Conservatore del Registro delle Imprese.\u00a0Seguir\u00e0 una relazione da parte della Dott.ssa Manuela Masotti, EcoCerved sulle seguenti tematiche:<\/p>\n<p align=\"JUSTIFY\">\u25ba La normativa vigente.<\/p>\n<p align=\"JUSTIFY\">\u25ba I soggetti obbligati.<\/p>\n<p align=\"JUSTIFY\">\u25ba I soggetti esclusi.<\/p>\n<p align=\"JUSTIFY\">\u25ba Dichiarazione 2016 (dati 2015).<\/p>\n<p align=\"JUSTIFY\">\u25ba La trasposizione dei dati da registro e formulario al MUD.<\/p>\n<p align=\"JUSTIFY\">\u25ba Le schede e le modalit\u00e0\u0300 di compilazione.<\/p>\n<p align=\"JUSTIFY\">\u25ba Sanzioni.<\/p>\n<p align=\"JUSTIFY\">\u25ba Esame ed analisi di situazioni concrete, o quesiti sottoposti dai partecipanti.<\/p>\n<p align=\"JUSTIFY\">Per informazioni: Annamaria Comito \u2013 tel. 0773 672228 &#8211; mail. annamaria.comito@lt.camcom.it<\/p>\n","protected":false},"excerpt":{"rendered":"<p>LATINA &#8211;\u00a0Si terr\u00e0 mercoled\u00ec 30 marzo dalle \u00a09 alle 14 nella sala conferenze della facolt\u00e0 di Economia della Sapienza a Latina in Viale XXIV Maggio, il convegno organizzato dalla Camera di Commercio di Latina dedicato al M.U.D. \u2013 MODELLO UNICO DI DICHIARAZIONE AMBIENTALE. Il 30 aprile 2016 scadono infatti i termini per la presentazione con [&hellip;]<\/p>\n","protected":false},"author":60,"featured_media":155763,"comment_status":"open","ping_status":"closed","sticky":false,"template":"","format":"standard","meta":{"footnotes":""},"categories":[16,11],"tags":[],"class_list":["post-175980","post","type-post","status-publish","format-standard","has-post-thumbnail","hentry","category-appuntamenti","category-economia"],"_links":{"self":[{"href":"https:\/\/www.radioluna.it\/news\/wp-json\/wp\/v2\/posts\/175980","targetHints":{"allow":["GET"]}}],"collection":[{"href":"https:\/\/www.radioluna.it\/news\/wp-json\/wp\/v2\/posts"}],"about":[{"href":"https:\/\/www.radioluna.it\/news\/wp-json\/wp\/v2\/types\/post"}],"author":[{"embeddable":true,"href":"https:\/\/www.radioluna.it\/news\/wp-json\/wp\/v2\/users\/60"}],"replies":[{"embeddable":true,"href":"https:\/\/www.radioluna.it\/news\/wp-json\/wp\/v2\/comments?post=175980"}],"version-history":[{"count":0,"href":"https:\/\/www.radioluna.it\/news\/wp-json\/wp\/v2\/posts\/175980\/revisions"}],"wp:featuredmedia":[{"embeddable":true,"href":"https:\/\/www.radioluna.it\/news\/wp-json\/wp\/v2\/media\/155763"}],"wp:attachment":[{"href":"https:\/\/www.radioluna.it\/news\/wp-json\/wp\/v2\/media?parent=175980"}],"wp:term":[{"taxonomy":"category","embeddable":true,"href":"https:\/\/www.radioluna.it\/news\/wp-json\/wp\/v2\/categories?post=175980"},{"taxonomy":"post_tag","embeddable":true,"href":"https:\/\/www.radioluna.it\/news\/wp-json\/wp\/v2\/tags?post=175980"}],"curies":[{"name":"wp","href":"https:\/\/api.w.org\/{rel}","templated":true}]}}