{"id":176010,"date":"2016-03-29T13:54:18","date_gmt":"2016-03-29T11:54:18","guid":{"rendered":"http:\/\/www.radioluna.it\/news\/?p=176010"},"modified":"2016-03-29T17:55:44","modified_gmt":"2016-03-29T15:55:44","slug":"gli-operai-ex-avio-in-presidio-sullappia-preparano-la-class-action-chiamando-a-raccolta-gli-ex-goodyear-passati-in-meccano","status":"publish","type":"post","link":"https:\/\/www.radioluna.it\/news\/2016\/03\/gli-operai-ex-avio-in-presidio-sullappia-preparano-la-class-action-chiamando-a-raccolta-gli-ex-goodyear-passati-in-meccano\/","title":{"rendered":"Gli operai ex Avio in presidio sull&#8217;Appia preparano la class action chiamando a raccolta gli ex Goodyear passati in Meccano"},"content":{"rendered":"<div id=\"fb-root\"><\/div>\n<p style=\"text-align: justify;\"><a href=\"http:\/\/www.radioluna.it\/news\/wp-content\/uploads\/2016\/03\/meccano1.jpg\"><img loading=\"lazy\" decoding=\"async\" class=\"aligncenter size-thumbnail wp-image-176013\" src=\"http:\/\/www.radioluna.it\/news\/wp-content\/uploads\/2016\/03\/meccano1-689x517.jpg\" alt=\"meccano\" width=\"689\" height=\"517\" srcset=\"https:\/\/www.radioluna.it\/news\/wp-content\/uploads\/2016\/03\/meccano1-689x517.jpg 689w, https:\/\/www.radioluna.it\/news\/wp-content\/uploads\/2016\/03\/meccano1-768x576.jpg 768w, https:\/\/www.radioluna.it\/news\/wp-content\/uploads\/2016\/03\/meccano1-500x375.jpg 500w, https:\/\/www.radioluna.it\/news\/wp-content\/uploads\/2016\/03\/meccano1-300x225.jpg 300w, https:\/\/www.radioluna.it\/news\/wp-content\/uploads\/2016\/03\/meccano1-1024x768.jpg 1024w, https:\/\/www.radioluna.it\/news\/wp-content\/uploads\/2016\/03\/meccano1-800x600.jpg 800w, https:\/\/www.radioluna.it\/news\/wp-content\/uploads\/2016\/03\/meccano1.jpg 1000w\" sizes=\"auto, (max-width: 689px) 100vw, 689px\" \/><\/a><\/p>\n<p style=\"text-align: justify;\"><strong>CISTERNA &#8211;<\/strong> Gli ex Good Year passati alla Meccano Aeronautica con un&#8217;operazione proposta come salvifica e poi fallita, preparano una class action. L&#8217;iniziativa \u00e8 promossa dai lavoratori licenziati dall&#8217;Avio Interiors riuniti in presidio permanente fuori dai cancelli dell&#8217;azienda sull&#8217;Appia a Latina Scalo da quasi due anni.<\/p>\n<p style=\"text-align: justify;\">Il primo appuntamento \u00e8 per gioved\u00ec 31 marzo alle 18 nell&#8217;aula magna di Palazzo Caetani a Cisterna dove \u00e8 in programma un&#8217;assemblea per parlare dell&#8217;azione collettiva da avviare. Sono invitati tutti gli operai passati dalla multinazionale della gomma alla nuova societ\u00e0 di componentistica aeronautica, la Meccano, appunto, \u00a0con un accordo che prevedeva, fra l&#8217;altro, da parte loro, la rinuncia alla liquidazione come compartecipazione all&#8217;avvio della nuova impresa. Prevedeva quell&#8217;accordo, finanziato con fondi pubblici, anche un &#8220;premio&#8221; (molti milioni di euro per la bonifica del sito) per gli imprenditori che si erano assunti il compito di fondare una nuova azienda e riassumere i lavoratori. La storia industriale di questa provincia ci ha poi raccontato altro: l&#8217;iniziativa infatti fall\u00ec e il sito \u00e8 tutt&#8217;ora abbandonato. Gli operai sono rimasti senza liquidazione e senza lavoro.<\/p>\n<p style=\"text-align: justify;\">A distanza di molti anni gli animi di chi aveva creduto nell&#8217;iniziativa non si sono affatto placati ed \u00e8 \u00a0per questo che il presidio Aviointerios lancia agli ex Goodyear poi ex Meccano (e ora ex Avio) &#8220;sia che si trovino o in pensione o ancora in attivit\u00e0&#8221; l&#8217;idea di \u00a0preparare la pi\u00f9 grande Class Action della provincia di Latina: operai contro imprenditore.<br \/>\nL&#8217; assemblea \u00a0&#8211; spiegano ancora gli operai &#8211; sar\u00e0 tenuta da un pool di avvocati che illustreranno l&#8217;operazione in vista di un possibile futuro risarcimento per i lavoratori.\u00a0&#8220;Molto di pi\u00f9 e in dettaglio verr\u00e0 spiegato gioved\u00ec 31 marzo nel corso dell&#8217;assemblea &#8211; recita l&#8217;invito pubblicato su Fb &#8211; Non mancate e\u00a0passate parola in modo che ci siano tutti gli operai coinvolti, in modo che possano ascoltare per sapere&#8221;.<\/p>\n<div class=\"radio-posizionamento-telefono-in-articoli-dopo-il-contenuto-articolo radio-entity-placement\" id=\"radio-3606602084\"><div id=\"radio-3114004620\"><a href=\"https:\/\/www.simeoneceramiche.com\/\" aria-label=\"SIMEONE CERAMICHE GIF animata per radioluna_Tavola disegno 1 copia 2 (online-video-cutter.com)\"><img loading=\"lazy\" decoding=\"async\" src=\"https:\/\/www.radioluna.it\/news\/wp-content\/uploads\/2025\/05\/SIMEONE-CERAMICHE-GIF-animata-per-radioluna_Tavola-disegno-1-copia-2-online-video-cutter.com_.gif\" alt=\"\"  width=\"300\" height=\"250\"   \/><\/a><\/div><\/div>","protected":false},"excerpt":{"rendered":"<p>CISTERNA &#8211; Gli ex Good Year passati alla Meccano Aeronautica con un&#8217;operazione proposta come salvifica e poi fallita, preparano una class action. L&#8217;iniziativa \u00e8 promossa dai lavoratori licenziati dall&#8217;Avio Interiors riuniti in presidio permanente fuori dai cancelli dell&#8217;azienda sull&#8217;Appia a Latina Scalo da quasi due anni. Il primo appuntamento \u00e8 per gioved\u00ec 31 marzo alle [&hellip;]<\/p>\n","protected":false},"author":62,"featured_media":176013,"comment_status":"open","ping_status":"closed","sticky":false,"template":"","format":"standard","meta":{"footnotes":""},"categories":[7],"tags":[],"class_list":["post-176010","post","type-post","status-publish","format-standard","has-post-thumbnail","hentry","category-cronaca"],"_links":{"self":[{"href":"https:\/\/www.radioluna.it\/news\/wp-json\/wp\/v2\/posts\/176010","targetHints":{"allow":["GET"]}}],"collection":[{"href":"https:\/\/www.radioluna.it\/news\/wp-json\/wp\/v2\/posts"}],"about":[{"href":"https:\/\/www.radioluna.it\/news\/wp-json\/wp\/v2\/types\/post"}],"author":[{"embeddable":true,"href":"https:\/\/www.radioluna.it\/news\/wp-json\/wp\/v2\/users\/62"}],"replies":[{"embeddable":true,"href":"https:\/\/www.radioluna.it\/news\/wp-json\/wp\/v2\/comments?post=176010"}],"version-history":[{"count":0,"href":"https:\/\/www.radioluna.it\/news\/wp-json\/wp\/v2\/posts\/176010\/revisions"}],"wp:featuredmedia":[{"embeddable":true,"href":"https:\/\/www.radioluna.it\/news\/wp-json\/wp\/v2\/media\/176013"}],"wp:attachment":[{"href":"https:\/\/www.radioluna.it\/news\/wp-json\/wp\/v2\/media?parent=176010"}],"wp:term":[{"taxonomy":"category","embeddable":true,"href":"https:\/\/www.radioluna.it\/news\/wp-json\/wp\/v2\/categories?post=176010"},{"taxonomy":"post_tag","embeddable":true,"href":"https:\/\/www.radioluna.it\/news\/wp-json\/wp\/v2\/tags?post=176010"}],"curies":[{"name":"wp","href":"https:\/\/api.w.org\/{rel}","templated":true}]}}