{"id":176012,"date":"2016-03-29T16:52:11","date_gmt":"2016-03-29T14:52:11","guid":{"rendered":"http:\/\/www.radioluna.it\/news\/?p=176012"},"modified":"2016-03-30T08:36:00","modified_gmt":"2016-03-30T06:36:00","slug":"il-pd-sulla-emergenza-abitativa-ripristinare-la-legalita","status":"publish","type":"post","link":"https:\/\/www.radioluna.it\/news\/2016\/03\/il-pd-sulla-emergenza-abitativa-ripristinare-la-legalita\/","title":{"rendered":"Il Pd sull&#8217; emergenza abitativa: ripristinare la legalit\u00e0"},"content":{"rendered":"<div id=\"fb-root\"><\/div>\n<div id=\"attachment_175778\" style=\"width: 699px\" class=\"wp-caption aligncenter\"><a href=\"http:\/\/www.radioluna.it\/news\/wp-content\/uploads\/2016\/03\/enrico-forte.jpg\"><img loading=\"lazy\" decoding=\"async\" aria-describedby=\"caption-attachment-175778\" class=\"size-thumbnail wp-image-175778\" src=\"http:\/\/www.radioluna.it\/news\/wp-content\/uploads\/2016\/03\/enrico-forte-689x517.jpg\" alt=\"Enrico Forte candidato sindaco del Pd a Latina\" width=\"689\" height=\"517\" srcset=\"https:\/\/www.radioluna.it\/news\/wp-content\/uploads\/2016\/03\/enrico-forte-689x517.jpg 689w, https:\/\/www.radioluna.it\/news\/wp-content\/uploads\/2016\/03\/enrico-forte-768x576.jpg 768w, https:\/\/www.radioluna.it\/news\/wp-content\/uploads\/2016\/03\/enrico-forte-500x375.jpg 500w, https:\/\/www.radioluna.it\/news\/wp-content\/uploads\/2016\/03\/enrico-forte-300x225.jpg 300w, https:\/\/www.radioluna.it\/news\/wp-content\/uploads\/2016\/03\/enrico-forte-800x600.jpg 800w, https:\/\/www.radioluna.it\/news\/wp-content\/uploads\/2016\/03\/enrico-forte.jpg 960w\" sizes=\"auto, (max-width: 689px) 100vw, 689px\" \/><\/a><p id=\"caption-attachment-175778\" class=\"wp-caption-text\">Enrico Forte candidato sindaco del Pd a Latina<\/p><\/div>\n<p style=\"text-align: justify;\"><strong>LATINA &#8211;<\/strong> L\u2019emergenza abitativa per le famiglie in condizioni disagiate \u00e8 un problema che si sta ampliando anche a Latina, a causa del perdurare della crisi economica, che ha privato molte persone di un reddito sufficiente a sostenere le spese di un alloggio. Quando sar\u00e0 chiamato a governare la citt\u00e0, il Partito Democratico dar\u00e0 una risposta efficace al problema, adottando in tempi brevissimi un nuovo piano di Edilizia Residenziale Pubblica, in grado di rispondere alle esigenze delle tante persone costrette a sopravvivere in situazioni insostenibili. In questo contesto, per\u00f2, \u00e8 necessario ripristinare la legalit\u00e0 laddove siano state effettuate occupazioni abusive di immobili, specie se tali situazioni si verificano creando un conflitto con chi detiene regolarmente, in locazione o in propriet\u00e0, un\u2019abitazione. Lo si legge in una nota del Pd Latina. &#8220;Bisogna superare situazioni di degrado, ristabilendo il decoro dovuto a chi ha investito i propri risparmi per acquistare una casa, e a chi si priva di una parte sostanziale dello stipendio per onorare un canone di affitto e le spese connesse. Va affrontato e risolto con tempestivit\u00e0 quanto sta accadendo nell&#8217;area del cosiddetto &#8220;Colosseo&#8221;, arginando derive che ormai non rendono pi\u00f9 azzardato il paragone con le &#8220;Vele&#8221; di Napoli. E&#8217; necessario intervenire con soluzioni adeguate di fronte a una situazione che va perpetuandosi in pieno centro citt\u00e0. Si deve restituire legalit\u00e0, ma anche sicurezza e vivibilit\u00e0. Per arrivare a tale obiettivo, vanno evitati conflitti e trovate le modalit\u00e0 pi\u00f9 opportune perch\u00e9 l\u2019amministrazione e tutti i soggetti istituzionali interessati si facciano carico delle legittime urgenze ed esigenze di quelle persone che vivono condizioni drammatiche e che hanno occupato un immobile come ultimo atto di disperazione. La dignit\u00e0 delle donne e degli uomini va sempre preservata: una comunit\u00e0 sana deve scongiurare le guerre fra poveri, e agire secondo principi di solidariet\u00e0, accertando chi davvero merita un aiuto e fornendo soluzioni concrete in tempi immediati, per salvaguardare tutti i cittadini&#8221;.<\/p>\n","protected":false},"excerpt":{"rendered":"<p>LATINA &#8211; L\u2019emergenza abitativa per le famiglie in condizioni disagiate \u00e8 un problema che si sta ampliando anche a Latina, a causa del perdurare della crisi economica, che ha privato molte persone di un reddito sufficiente a sostenere le spese di un alloggio. Quando sar\u00e0 chiamato a governare la citt\u00e0, il Partito Democratico dar\u00e0 una [&hellip;]<\/p>\n","protected":false},"author":60,"featured_media":175778,"comment_status":"open","ping_status":"closed","sticky":false,"template":"","format":"standard","meta":{"footnotes":""},"categories":[8],"tags":[],"class_list":["post-176012","post","type-post","status-publish","format-standard","has-post-thumbnail","hentry","category-politica"],"_links":{"self":[{"href":"https:\/\/www.radioluna.it\/news\/wp-json\/wp\/v2\/posts\/176012","targetHints":{"allow":["GET"]}}],"collection":[{"href":"https:\/\/www.radioluna.it\/news\/wp-json\/wp\/v2\/posts"}],"about":[{"href":"https:\/\/www.radioluna.it\/news\/wp-json\/wp\/v2\/types\/post"}],"author":[{"embeddable":true,"href":"https:\/\/www.radioluna.it\/news\/wp-json\/wp\/v2\/users\/60"}],"replies":[{"embeddable":true,"href":"https:\/\/www.radioluna.it\/news\/wp-json\/wp\/v2\/comments?post=176012"}],"version-history":[{"count":0,"href":"https:\/\/www.radioluna.it\/news\/wp-json\/wp\/v2\/posts\/176012\/revisions"}],"wp:featuredmedia":[{"embeddable":true,"href":"https:\/\/www.radioluna.it\/news\/wp-json\/wp\/v2\/media\/175778"}],"wp:attachment":[{"href":"https:\/\/www.radioluna.it\/news\/wp-json\/wp\/v2\/media?parent=176012"}],"wp:term":[{"taxonomy":"category","embeddable":true,"href":"https:\/\/www.radioluna.it\/news\/wp-json\/wp\/v2\/categories?post=176012"},{"taxonomy":"post_tag","embeddable":true,"href":"https:\/\/www.radioluna.it\/news\/wp-json\/wp\/v2\/tags?post=176012"}],"curies":[{"name":"wp","href":"https:\/\/api.w.org\/{rel}","templated":true}]}}