{"id":176028,"date":"2016-03-30T09:49:05","date_gmt":"2016-03-30T07:49:05","guid":{"rendered":"http:\/\/www.radioluna.it\/news\/?p=176028"},"modified":"2016-03-31T07:17:08","modified_gmt":"2016-03-31T05:17:08","slug":"latina-il-procuratore-de-gasperis-atteso-in-commissione-parlamentare-sui-rifiuti","status":"publish","type":"post","link":"https:\/\/www.radioluna.it\/news\/2016\/03\/latina-il-procuratore-de-gasperis-atteso-in-commissione-parlamentare-sui-rifiuti\/","title":{"rendered":"Latina, il procuratore De Gasperis atteso in Commissione Parlamentare sui Rifiuti"},"content":{"rendered":"<div id=\"fb-root\"><\/div>\n<p style=\"text-align: justify;\"><strong><a href=\"http:\/\/www.radioluna.it\/news\/wp-content\/uploads\/2014\/12\/PICT1241.jpg\"><img loading=\"lazy\" decoding=\"async\" class=\"aligncenter size-thumbnail wp-image-158672\" src=\"http:\/\/www.radioluna.it\/news\/wp-content\/uploads\/2014\/12\/PICT1241-635x476.jpg\" alt=\"Andrea De Gasperis Procuratore Latina\" width=\"635\" height=\"476\" srcset=\"https:\/\/www.radioluna.it\/news\/wp-content\/uploads\/2014\/12\/PICT1241-635x476.jpg 635w, https:\/\/www.radioluna.it\/news\/wp-content\/uploads\/2014\/12\/PICT1241-768x576.jpg 768w, https:\/\/www.radioluna.it\/news\/wp-content\/uploads\/2014\/12\/PICT1241-500x375.jpg 500w, https:\/\/www.radioluna.it\/news\/wp-content\/uploads\/2014\/12\/PICT1241-300x225.jpg 300w, https:\/\/www.radioluna.it\/news\/wp-content\/uploads\/2014\/12\/PICT1241-1024x768.jpg 1024w, https:\/\/www.radioluna.it\/news\/wp-content\/uploads\/2014\/12\/PICT1241-800x600.jpg 800w, https:\/\/www.radioluna.it\/news\/wp-content\/uploads\/2014\/12\/PICT1241.jpg 1000w\" sizes=\"auto, (max-width: 635px) 100vw, 635px\" \/><\/a>LATINA<\/strong> &#8211;\u00a0Il procuratore capo di Latina Andrea De Gasperis sar\u00e0 ascoltato oggi (mercoled\u00ec 30 marzo) in Commissione parlamentare d&#8217; inchiesta sulle attivit\u00e0 \u00a0illecite connesse al ciclo dei rifiuti e su illeciti ambientali ad esse correlati. L&#8217;appuntamento \u00e8 in programma alle 14 a palazzo San Macuto a Roma.<\/p>\n<p style=\"text-align: justify;\">Centrale nell&#8217;audizione, il tema della discarica di Borgo Montello su cui sono in corso inchieste della Procura di Latina. Un argomento su cui l&#8217;organismo parlamentare ha gi\u00e0 ascoltato Giorgio Libralato rappresentante del Comitato di cittadini residenti nell&#8217;area intorno all&#8217;impianto di stoccaggio dei rifiuti.<\/p>\n<p style=\"text-align: justify;\">Il procuratore De Gasperis sar\u00e0 per\u00f2 anche ascoltato in merito alla recente vicenda che riguardano l&#8217;inquinamento intorno alla ex centrale nucleare di Borgo Sabotino (non distante da Montello) dove sono state trovate concentrazioni di cloruro\u00a0di vinile superiori a quelle tollerate dalla normativa e preoccupanti tanto da fare emettere al Comune un&#8217;ordinanza di divieto di utilizzo dell&#8217;acqua dei pozzi sia a scopo irriguo che per uso alimentare.<\/p>\n<div class=\"radio-posizionamento-telefono-in-articoli-dopo-il-contenuto-articolo radio-entity-placement\" id=\"radio-1978623410\"><div id=\"radio-1982855736\"><a href=\"https:\/\/www.simeoneceramiche.com\/\" aria-label=\"SIMEONE CERAMICHE GIF animata per radioluna_Tavola disegno 1 copia 2 (online-video-cutter.com)\"><img loading=\"lazy\" decoding=\"async\" src=\"https:\/\/www.radioluna.it\/news\/wp-content\/uploads\/2025\/05\/SIMEONE-CERAMICHE-GIF-animata-per-radioluna_Tavola-disegno-1-copia-2-online-video-cutter.com_.gif\" alt=\"\"  width=\"300\" height=\"250\"   \/><\/a><\/div><\/div>","protected":false},"excerpt":{"rendered":"<p>LATINA &#8211;\u00a0Il procuratore capo di Latina Andrea De Gasperis sar\u00e0 ascoltato oggi (mercoled\u00ec 30 marzo) in Commissione parlamentare d&#8217; inchiesta sulle attivit\u00e0 \u00a0illecite connesse al ciclo dei rifiuti e su illeciti ambientali ad esse correlati. L&#8217;appuntamento \u00e8 in programma alle 14 a palazzo San Macuto a Roma. Centrale nell&#8217;audizione, il tema della discarica di Borgo [&hellip;]<\/p>\n","protected":false},"author":62,"featured_media":158672,"comment_status":"open","ping_status":"closed","sticky":false,"template":"","format":"standard","meta":{"footnotes":""},"categories":[7],"tags":[],"class_list":["post-176028","post","type-post","status-publish","format-standard","has-post-thumbnail","hentry","category-cronaca"],"_links":{"self":[{"href":"https:\/\/www.radioluna.it\/news\/wp-json\/wp\/v2\/posts\/176028","targetHints":{"allow":["GET"]}}],"collection":[{"href":"https:\/\/www.radioluna.it\/news\/wp-json\/wp\/v2\/posts"}],"about":[{"href":"https:\/\/www.radioluna.it\/news\/wp-json\/wp\/v2\/types\/post"}],"author":[{"embeddable":true,"href":"https:\/\/www.radioluna.it\/news\/wp-json\/wp\/v2\/users\/62"}],"replies":[{"embeddable":true,"href":"https:\/\/www.radioluna.it\/news\/wp-json\/wp\/v2\/comments?post=176028"}],"version-history":[{"count":0,"href":"https:\/\/www.radioluna.it\/news\/wp-json\/wp\/v2\/posts\/176028\/revisions"}],"wp:featuredmedia":[{"embeddable":true,"href":"https:\/\/www.radioluna.it\/news\/wp-json\/wp\/v2\/media\/158672"}],"wp:attachment":[{"href":"https:\/\/www.radioluna.it\/news\/wp-json\/wp\/v2\/media?parent=176028"}],"wp:term":[{"taxonomy":"category","embeddable":true,"href":"https:\/\/www.radioluna.it\/news\/wp-json\/wp\/v2\/categories?post=176028"},{"taxonomy":"post_tag","embeddable":true,"href":"https:\/\/www.radioluna.it\/news\/wp-json\/wp\/v2\/tags?post=176028"}],"curies":[{"name":"wp","href":"https:\/\/api.w.org\/{rel}","templated":true}]}}