{"id":176043,"date":"2016-03-30T13:11:27","date_gmt":"2016-03-30T11:11:27","guid":{"rendered":"http:\/\/www.radioluna.it\/news\/?p=176043"},"modified":"2016-03-31T09:21:49","modified_gmt":"2016-03-31T07:21:49","slug":"latina-centro-lassociazione-si-rinnova-cinquanta-commercianti-per-cambiare-la-ztl","status":"publish","type":"post","link":"https:\/\/www.radioluna.it\/news\/2016\/03\/latina-centro-lassociazione-si-rinnova-cinquanta-commercianti-per-cambiare-la-ztl\/","title":{"rendered":"&#8220;Latina Centro&#8221; l&#8217;associazione si rinnova: cinquanta commercianti per cambiare la Ztl"},"content":{"rendered":"<div id=\"fb-root\"><\/div>\n<div id=\"attachment_176044\" style=\"width: 699px\" class=\"wp-caption aligncenter\"><a href=\"http:\/\/www.radioluna.it\/news\/wp-content\/uploads\/2016\/03\/susanna-gloria.jpg\"><img loading=\"lazy\" decoding=\"async\" aria-describedby=\"caption-attachment-176044\" class=\"wp-image-176044 size-thumbnail\" src=\"http:\/\/www.radioluna.it\/news\/wp-content\/uploads\/2016\/03\/susanna-gloria-689x689.jpg\" alt=\"susanna gloria\" width=\"689\" height=\"689\" srcset=\"https:\/\/www.radioluna.it\/news\/wp-content\/uploads\/2016\/03\/susanna-gloria-689x689.jpg 689w, https:\/\/www.radioluna.it\/news\/wp-content\/uploads\/2016\/03\/susanna-gloria-150x150.jpg 150w, https:\/\/www.radioluna.it\/news\/wp-content\/uploads\/2016\/03\/susanna-gloria-768x768.jpg 768w, https:\/\/www.radioluna.it\/news\/wp-content\/uploads\/2016\/03\/susanna-gloria-300x300.jpg 300w, https:\/\/www.radioluna.it\/news\/wp-content\/uploads\/2016\/03\/susanna-gloria-500x500.jpg 500w, https:\/\/www.radioluna.it\/news\/wp-content\/uploads\/2016\/03\/susanna-gloria-80x80.jpg 80w, https:\/\/www.radioluna.it\/news\/wp-content\/uploads\/2016\/03\/susanna-gloria-50x50.jpg 50w, https:\/\/www.radioluna.it\/news\/wp-content\/uploads\/2016\/03\/susanna-gloria-800x800.jpg 800w, https:\/\/www.radioluna.it\/news\/wp-content\/uploads\/2016\/03\/susanna-gloria.jpg 853w\" sizes=\"auto, (max-width: 689px) 100vw, 689px\" \/><\/a><p id=\"caption-attachment-176044\" class=\"wp-caption-text\">Susanna Gloria<\/p><\/div>\n<p style=\"text-align: justify;\"><strong>LATINA<\/strong> &#8211; E&#8217; Susanna Gloria della famiglia Mancinelli la nuova presidente dell&#8217;Associazione commercianti \u201cLatina Centro\u201d. Succede a Daniela Claretti, battagliera titolare di Benetton in Via Diaz, chiuso a fine agosto e ora pronto a riaprire.<\/p>\n<p style=\"text-align: justify;\">Vicepresidente \u00e8 stato eletto Carmelo Fabrizio della omonima gioielleria. Entrambi i vertici neo eletti solo pochi mesi avevano promosso la serrata anti- Ztl organizzando una protesta sotto il Comune per chiedere al Commissario prefettizio Giacomo Barbato di riaprire la zona a traffico limitato, richiesta respinta al mittente. Non \u00e8 difficile intuire quindi quale sia il nuovo corso.<\/p>\n<p style=\"text-align: justify;\">&#8220;Siamo certi \u00a0&#8211; si legge in una nota &#8211; che le \u201cpagine buie\u201d delle decisioni calate dall\u2019alto che hanno contraddistinto la scorsa amministrazione e l\u2019indifferenza totale del Commissario appartengano al passato e che con la prossima amministrazione comunale si inaugurer\u00e0 una stagione di dialogo e di collaborazione per regalare alla nostra citt\u00e0 un futuro di crescita&#8221;.<\/p>\n<p style=\"text-align: justify;\">L\u2019associazione si propone \u00a0&#8211; spiegano ancora gli eletti &#8211; di recitare il ruolo da protagonista per quanto riguarda la vita nel \u201ccentro storico\u201d della citt\u00e0 nella certezza che chi andr\u00e0 a governare la citt\u00e0 da giugno vorr\u00e0 tenere in debita considerazione le opinioni di chi il centro citt\u00e0 lo vive quotidianamente.<\/p>\n<p style=\"text-align: justify;\">Dell&#8217;Associazione fanno parte ora cinquanta soci (alcuni dei quali ammessi in occasione dell&#8217;assemblea di rinnovo delle cariche) che hanno deciso di aderire \u00a0confermandosi &#8220;al di fuori da sigle e associazioni autoreferenziali&#8221;, aggiungono.<\/p>\n<p style=\"text-align: justify;\"><strong>IL CONSIGLIO DIRETTIVO<\/strong> &#8211; Il Portavoce dell&#8217;Associazione \u00e8 Fabrizio Forte. Il Consiglio direttivo \u00e8 formato da Simona Bragaglia, Eleonora Coladarci, Fabiana Palombi, Fabrizio Forte, Vincenzo Mennella.<\/p>\n<div class=\"radio-posizionamento-telefono-in-articoli-dopo-il-contenuto-articolo radio-entity-placement\" id=\"radio-1122812161\"><div id=\"radio-113891280\" style=\"width: 300px;height: 250px;\"><a href=\"https:\/\/www.icarspa.it\/auto\/usate\/latina\/\" aria-label=\"banner aprile icar new life &#8211; auto usate latina\"><img loading=\"lazy\" decoding=\"async\" src=\"https:\/\/www.radioluna.it\/news\/wp-content\/uploads\/2026\/02\/banner-aprile-icar-new-life-auto-usate-latina.gif\" alt=\"\"  width=\"300\" height=\"250\"   \/><\/a><\/div><\/div>","protected":false},"excerpt":{"rendered":"<p>LATINA &#8211; E&#8217; Susanna Gloria della famiglia Mancinelli la nuova presidente dell&#8217;Associazione commercianti \u201cLatina Centro\u201d. Succede a Daniela Claretti, battagliera titolare di Benetton in Via Diaz, chiuso a fine agosto e ora pronto a riaprire. Vicepresidente \u00e8 stato eletto Carmelo Fabrizio della omonima gioielleria. Entrambi i vertici neo eletti solo pochi mesi avevano promosso la [&hellip;]<\/p>\n","protected":false},"author":62,"featured_media":176045,"comment_status":"open","ping_status":"closed","sticky":false,"template":"","format":"standard","meta":{"footnotes":""},"categories":[7],"tags":[],"class_list":["post-176043","post","type-post","status-publish","format-standard","has-post-thumbnail","hentry","category-cronaca"],"_links":{"self":[{"href":"https:\/\/www.radioluna.it\/news\/wp-json\/wp\/v2\/posts\/176043","targetHints":{"allow":["GET"]}}],"collection":[{"href":"https:\/\/www.radioluna.it\/news\/wp-json\/wp\/v2\/posts"}],"about":[{"href":"https:\/\/www.radioluna.it\/news\/wp-json\/wp\/v2\/types\/post"}],"author":[{"embeddable":true,"href":"https:\/\/www.radioluna.it\/news\/wp-json\/wp\/v2\/users\/62"}],"replies":[{"embeddable":true,"href":"https:\/\/www.radioluna.it\/news\/wp-json\/wp\/v2\/comments?post=176043"}],"version-history":[{"count":0,"href":"https:\/\/www.radioluna.it\/news\/wp-json\/wp\/v2\/posts\/176043\/revisions"}],"wp:featuredmedia":[{"embeddable":true,"href":"https:\/\/www.radioluna.it\/news\/wp-json\/wp\/v2\/media\/176045"}],"wp:attachment":[{"href":"https:\/\/www.radioluna.it\/news\/wp-json\/wp\/v2\/media?parent=176043"}],"wp:term":[{"taxonomy":"category","embeddable":true,"href":"https:\/\/www.radioluna.it\/news\/wp-json\/wp\/v2\/categories?post=176043"},{"taxonomy":"post_tag","embeddable":true,"href":"https:\/\/www.radioluna.it\/news\/wp-json\/wp\/v2\/tags?post=176043"}],"curies":[{"name":"wp","href":"https:\/\/api.w.org\/{rel}","templated":true}]}}