{"id":176046,"date":"2016-03-30T13:46:34","date_gmt":"2016-03-30T11:46:34","guid":{"rendered":"http:\/\/www.radioluna.it\/news\/?p=176046"},"modified":"2016-03-30T13:46:34","modified_gmt":"2016-03-30T11:46:34","slug":"disturbi-dellapprendimento-come-aiutare-i-ragazzi-ad-avere-successo-scolastico","status":"publish","type":"post","link":"https:\/\/www.radioluna.it\/news\/2016\/03\/disturbi-dellapprendimento-come-aiutare-i-ragazzi-ad-avere-successo-scolastico\/","title":{"rendered":"Disturbi dell&#8217;apprendimento, come aiutare i ragazzi ad avere successo scolastico"},"content":{"rendered":"<div id=\"fb-root\"><\/div>\n<p style=\"text-align: justify;\"><strong> <a href=\"http:\/\/www.radioluna.it\/news\/wp-content\/uploads\/2016\/03\/bianchini-terracina-Its.jpg\"><img loading=\"lazy\" decoding=\"async\" class=\"aligncenter wp-image-176047 size-thumbnail\" src=\"http:\/\/www.radioluna.it\/news\/wp-content\/uploads\/2016\/03\/bianchini-terracina-Its-689x283.jpg\" alt=\"bianchini terracina Its\" width=\"689\" height=\"283\" srcset=\"https:\/\/www.radioluna.it\/news\/wp-content\/uploads\/2016\/03\/bianchini-terracina-Its-689x283.jpg 689w, https:\/\/www.radioluna.it\/news\/wp-content\/uploads\/2016\/03\/bianchini-terracina-Its-768x315.jpg 768w, https:\/\/www.radioluna.it\/news\/wp-content\/uploads\/2016\/03\/bianchini-terracina-Its-500x205.jpg 500w, https:\/\/www.radioluna.it\/news\/wp-content\/uploads\/2016\/03\/bianchini-terracina-Its-300x123.jpg 300w, https:\/\/www.radioluna.it\/news\/wp-content\/uploads\/2016\/03\/bianchini-terracina-Its-1024x420.jpg 1024w, https:\/\/www.radioluna.it\/news\/wp-content\/uploads\/2016\/03\/bianchini-terracina-Its-800x328.jpg 800w, https:\/\/www.radioluna.it\/news\/wp-content\/uploads\/2016\/03\/bianchini-terracina-Its.jpg 1000w\" sizes=\"auto, (max-width: 689px) 100vw, 689px\" \/><\/a>TERRACINA<\/strong> &#8211; &#8220;Qualit\u00e0 dell\u2019insegnamento per il successo scolastico di allievi con BES e DSA&#8221;\u00a0\u00e8 il titolo del corso di formazione promosso dall\u2019I.T.S. Bianchini di Terracina che inizier\u00e0 gioved\u00ec 31 marzo nell&#8217;aula magna della scuola. Obiettivo formare gli insegnanti perch\u00e9 adottino sistemi di insegnamento capaci di valorizzare anche gli studenti il cui percorso di apprendimento \u00e8 pi\u00f9 complesso.<\/p>\n<p style=\"text-align: justify;\">&#8220;Il corso mira &#8211; si legge in una nota dell&#8217;istituto diretto dal professor Maurizio Trani \u00a0&#8211; a sostenere i docenti nella costituzione di una comunit\u00e0 di pratiche fondate sulla condivisione esplicita di riferimenti teorici e operativi utili a progettare e attuare percorsi educativo-formativi inclusivi, finalizzati all\u2019innalzamento del livello di competenza di tutti gli allievi, soprattutto di coloro per i quali il percorso di apprendimento pu\u00f2 essere reso pi\u00f9\u2019 difficoltoso dalla presenza di un Disturbo Specifico di Apprendimento o di un Bisogno Educativo Speciale&#8221;.<br \/>\nA salire in cattedra per l\u2019occasione il prof Prof.FABIO BOCCI pedagogista Professore Associato presso la Facolt\u00e0 di Scienze della Formazione, Universit\u00e0 \u201cRoma Tre, docente di Didattica e Pedagogia Speciale che affronter\u00e0 il tema &#8220;L&#8217;inclusione come processo della comunit\u00e0 scuola: sfondi teorici e azioni pratiche\u2019.<br \/>\nA seguire nei mesi di Aprile e Maggio la prof.ssa SAVINA CELLAMARE pedagogista\u00a0Coordinatore scientifico dello Studio Associato AISME \u00a0(Intervento psicopedagogico), Ricercatore presso l&#8217;INVALSI, responsabile di progetti nazionali per la formazione dei docenti sui temi della valutazione e il Prof STEFANO ZUCCA \u00a0Pedagogista Coordinatore delle attivit\u00e0 pedagogiche dello Studio Associato AISME e Professore di Metodologia didattica Speciale dei disturbi dell\u2019apprendimento, per gli insegnanti di Sostegno presso l\u2019Universit\u00e0 degli Studi di Roma TRE<br \/>\nche affronteranno la tematica dei \u00a0\u2018DSA E BES IN CLASSE\u00a0Criteri di identificazione e procedure metodologiche di intervento e di valutazione\u2019.<\/p>\n","protected":false},"excerpt":{"rendered":"<p>TERRACINA &#8211; &#8220;Qualit\u00e0 dell\u2019insegnamento per il successo scolastico di allievi con BES e DSA&#8221;\u00a0\u00e8 il titolo del corso di formazione promosso dall\u2019I.T.S. Bianchini di Terracina che inizier\u00e0 gioved\u00ec 31 marzo nell&#8217;aula magna della scuola. Obiettivo formare gli insegnanti perch\u00e9 adottino sistemi di insegnamento capaci di valorizzare anche gli studenti il cui percorso di apprendimento \u00e8 [&hellip;]<\/p>\n","protected":false},"author":62,"featured_media":176047,"comment_status":"open","ping_status":"closed","sticky":false,"template":"","format":"standard","meta":{"footnotes":""},"categories":[11,248],"tags":[],"class_list":["post-176046","post","type-post","status-publish","format-standard","has-post-thumbnail","hentry","category-economia","category-istruzione"],"_links":{"self":[{"href":"https:\/\/www.radioluna.it\/news\/wp-json\/wp\/v2\/posts\/176046","targetHints":{"allow":["GET"]}}],"collection":[{"href":"https:\/\/www.radioluna.it\/news\/wp-json\/wp\/v2\/posts"}],"about":[{"href":"https:\/\/www.radioluna.it\/news\/wp-json\/wp\/v2\/types\/post"}],"author":[{"embeddable":true,"href":"https:\/\/www.radioluna.it\/news\/wp-json\/wp\/v2\/users\/62"}],"replies":[{"embeddable":true,"href":"https:\/\/www.radioluna.it\/news\/wp-json\/wp\/v2\/comments?post=176046"}],"version-history":[{"count":0,"href":"https:\/\/www.radioluna.it\/news\/wp-json\/wp\/v2\/posts\/176046\/revisions"}],"wp:featuredmedia":[{"embeddable":true,"href":"https:\/\/www.radioluna.it\/news\/wp-json\/wp\/v2\/media\/176047"}],"wp:attachment":[{"href":"https:\/\/www.radioluna.it\/news\/wp-json\/wp\/v2\/media?parent=176046"}],"wp:term":[{"taxonomy":"category","embeddable":true,"href":"https:\/\/www.radioluna.it\/news\/wp-json\/wp\/v2\/categories?post=176046"},{"taxonomy":"post_tag","embeddable":true,"href":"https:\/\/www.radioluna.it\/news\/wp-json\/wp\/v2\/tags?post=176046"}],"curies":[{"name":"wp","href":"https:\/\/api.w.org\/{rel}","templated":true}]}}