{"id":176056,"date":"2016-03-30T15:15:25","date_gmt":"2016-03-30T13:15:25","guid":{"rendered":"http:\/\/www.radioluna.it\/news\/?p=176056"},"modified":"2016-03-30T15:15:25","modified_gmt":"2016-03-30T13:15:25","slug":"la-gilda-latina-nel-comitato-provinciale-per-i-referendum-sociali-contro-la-buona-scuola","status":"publish","type":"post","link":"https:\/\/www.radioluna.it\/news\/2016\/03\/la-gilda-latina-nel-comitato-provinciale-per-i-referendum-sociali-contro-la-buona-scuola\/","title":{"rendered":"La Gilda Latina nel Comitato provinciale per i Referendum sociali contro la Buona Scuola"},"content":{"rendered":"<div id=\"fb-root\"><\/div>\n<div id=\"attachment_11569\" style=\"width: 610px\" class=\"wp-caption aligncenter\"><a href=\"http:\/\/www.radioluna.it\/news\/wp-content\/uploads\/2010\/09\/Giovannini-Patrizia-gilda.jpg\"><img loading=\"lazy\" decoding=\"async\" aria-describedby=\"caption-attachment-11569\" class=\"wp-image-11569 size-full\" src=\"http:\/\/www.radioluna.it\/news\/wp-content\/uploads\/2010\/09\/Giovannini-Patrizia-gilda.jpg\" alt=\"Patrizia Giovannini, coordinatrice provinciale della Gilda di Latina\" width=\"600\" height=\"341\" srcset=\"https:\/\/www.radioluna.it\/news\/wp-content\/uploads\/2010\/09\/Giovannini-Patrizia-gilda.jpg 600w, https:\/\/www.radioluna.it\/news\/wp-content\/uploads\/2010\/09\/Giovannini-Patrizia-gilda-300x170.jpg 300w, https:\/\/www.radioluna.it\/news\/wp-content\/uploads\/2010\/09\/Giovannini-Patrizia-gilda-500x284.jpg 500w\" sizes=\"auto, (max-width: 600px) 100vw, 600px\" \/><\/a><p id=\"caption-attachment-11569\" class=\"wp-caption-text\">Patrizia Giovannini, coordinatrice provinciale della Gilda di Latina<\/p><\/div>\n<p style=\"text-align: justify;\"><strong>LATINA<\/strong> &#8211; Anche la Gilda Insegnanti di Latina ha aderito al neonato Comitato provinciale per i Referendum Sociali. Dopo aver depositato in Cassazione i quattro quesiti abrogativi, la battaglia contro la legge 107\/2015 e i profili di incostituzionalit\u00e0 della Buona Scuola prosegue con l\u2019adesione del sindacato al Comitato che si \u00e8 costituito il 29 marzo in provincia con l\u2019intento di raccogliere firme per i referendum sociali per la scuola pubblica di modifica alla legge 107, per bloccare il Piano nazionale inceneritori, per l\u2019opzione \u201cTrivelle zero\u201d in Italia, per la gestione pubblica dell\u2019acqua e la difesa dei beni comuni.<\/p>\n<p style=\"text-align: justify;\">\u00abIl Comitato per i Referendum Sociali e la Partecipazione democratica di Latina nasce in un clima di gioiosa condivisione e grande pro positivit\u00e0. Il 9 e 10 aprile partir\u00e0 in tutta Italia la raccolta firme per i sei quesiti referendari gi\u00e0 in campo, inclusi quelli sulla scuola relativi all&#8217;abrogazione di alcune norme contenute nella legge 107\u00bb. Cos\u00ec si pronuncia il neoeletto Comitato. L\u2019obiettivo \u00e8 raggiungere le 500mila firme necessarie per andare al voto nella primavera del 2017.<\/p>\n<p style=\"text-align: justify;\">Il Comitato provinciale nasce dal percorso di lotta avviato da movimenti, sindacati, associazioni e gruppi di liberi cittadini che hanno iniziato ad incontrarsi in diverse assemblee sul territorio per sostenere un modello di sviluppo opposto a quello proposto dal governo con l\u2019adozione di provvedimenti come la Buona Scuola o lo Sblocca Italia. A Latina hanno gi\u00e0 aderito alla neonata organizzazione alcune sigle sindacali del comparto scuola (Unicobas e Flc oltre alla Gilda), il Csl (Coordinamento Scuole Latina), i meetup locali dei 5 stelle, diverse associazioni e movimenti spontanei di cittadini.<\/p>\n<p style=\"text-align: justify;\">Il Comitato sosterr\u00e0 l\u2019iniziativa popolare a favore della scuola pubblica e statale, costituzionalmente garantita. \u00abI quattro quesiti referendari depositati lo scorso 17 marzo \u2013 ricorda la coordinatrice provinciale della Gilda, Patrizia Giovannini \u2013 si propongono di abrogare alcune parti della legge 107, in particolare la chiamata diretta dei docenti su ambiti territoriali, l\u2019istituzione dei Comitati di valutazione, l\u2019obbligatoriet\u00e0 dell\u2019alternanza scuola-lavoro, il bonus scuola. Il referendum \u2013 conclude la sindacalista &#8211; resta la speranza pi\u00f9 concreta per il personale scolastico affinch\u00e9 vengano bloccati gli effetti deleteri della riforma della scuola\u00bb.<\/p>\n","protected":false},"excerpt":{"rendered":"<p>LATINA &#8211; Anche la Gilda Insegnanti di Latina ha aderito al neonato Comitato provinciale per i Referendum Sociali. Dopo aver depositato in Cassazione i quattro quesiti abrogativi, la battaglia contro la legge 107\/2015 e i profili di incostituzionalit\u00e0 della Buona Scuola prosegue con l\u2019adesione del sindacato al Comitato che si \u00e8 costituito il 29 marzo [&hellip;]<\/p>\n","protected":false},"author":60,"featured_media":11569,"comment_status":"open","ping_status":"closed","sticky":false,"template":"","format":"standard","meta":{"footnotes":""},"categories":[248],"tags":[],"class_list":["post-176056","post","type-post","status-publish","format-standard","has-post-thumbnail","hentry","category-istruzione"],"_links":{"self":[{"href":"https:\/\/www.radioluna.it\/news\/wp-json\/wp\/v2\/posts\/176056","targetHints":{"allow":["GET"]}}],"collection":[{"href":"https:\/\/www.radioluna.it\/news\/wp-json\/wp\/v2\/posts"}],"about":[{"href":"https:\/\/www.radioluna.it\/news\/wp-json\/wp\/v2\/types\/post"}],"author":[{"embeddable":true,"href":"https:\/\/www.radioluna.it\/news\/wp-json\/wp\/v2\/users\/60"}],"replies":[{"embeddable":true,"href":"https:\/\/www.radioluna.it\/news\/wp-json\/wp\/v2\/comments?post=176056"}],"version-history":[{"count":0,"href":"https:\/\/www.radioluna.it\/news\/wp-json\/wp\/v2\/posts\/176056\/revisions"}],"wp:featuredmedia":[{"embeddable":true,"href":"https:\/\/www.radioluna.it\/news\/wp-json\/wp\/v2\/media\/11569"}],"wp:attachment":[{"href":"https:\/\/www.radioluna.it\/news\/wp-json\/wp\/v2\/media?parent=176056"}],"wp:term":[{"taxonomy":"category","embeddable":true,"href":"https:\/\/www.radioluna.it\/news\/wp-json\/wp\/v2\/categories?post=176056"},{"taxonomy":"post_tag","embeddable":true,"href":"https:\/\/www.radioluna.it\/news\/wp-json\/wp\/v2\/tags?post=176056"}],"curies":[{"name":"wp","href":"https:\/\/api.w.org\/{rel}","templated":true}]}}