{"id":176090,"date":"2016-03-31T13:01:35","date_gmt":"2016-03-31T11:01:35","guid":{"rendered":"http:\/\/www.radioluna.it\/news\/?p=176090"},"modified":"2016-03-31T13:01:35","modified_gmt":"2016-03-31T11:01:35","slug":"inquinamento-nellarea-della-ex-nucleare-la-provincia-istituisce-un-tavolo-sulla-trasparenza","status":"publish","type":"post","link":"https:\/\/www.radioluna.it\/news\/2016\/03\/inquinamento-nellarea-della-ex-nucleare-la-provincia-istituisce-un-tavolo-sulla-trasparenza\/","title":{"rendered":"Inquinamento nell&#8217;area della ex Nucleare, la Provincia istituisce un tavolo sulla trasparenza"},"content":{"rendered":"<div id=\"fb-root\"><\/div>\n<div id=\"attachment_123582\" style=\"width: 610px\" class=\"wp-caption aligncenter\"><a href=\"http:\/\/www.radioluna.it\/news\/wp-content\/uploads\/2012\/08\/foto-sogin.jpg\"><img loading=\"lazy\" decoding=\"async\" aria-describedby=\"caption-attachment-123582\" class=\"wp-image-123582 size-full\" src=\"http:\/\/www.radioluna.it\/news\/wp-content\/uploads\/2012\/08\/foto-sogin.jpg\" alt=\"L'ex centrale nucleare\" width=\"600\" height=\"450\" \/><\/a><p id=\"caption-attachment-123582\" class=\"wp-caption-text\">L&#8217;ex centrale nucleare<\/p><\/div>\n<p style=\"text-align: justify;\">LATINA &#8211; Un tavolo per la trasparenza che garantisca una attenta comunicazione tra gli enti coinvolti nel controllo dell\u2019area relativa alla centrale nucleare di Borgo Sabotino a Latina. Lo istituir\u00e0 la Provincia di Latina dopo la riunione della commissione ambiente che si \u00e8 tenuta in Regione mercoled\u00ec 30 marzo.<\/p>\n<p style=\"text-align: justify;\">&#8220;Oltre ai tavoli regionali gi\u00e0 esistenti e che si occupano delle delicate questioni relative al decommissioning per i siti nucleari dismessi sul territorio della provincia di Latina, questo nuovo organismo consentir\u00e0 agli enti interessati dalle questioni relative al controllo in materia ambientale &#8211; e, nello specifico, delle falde acquifere -, di confrontarsi in tempo reale su tutti i dati relativi alla salubrit\u00e0 e alla qualit\u00e0 delle acque nella zona interna ed esterna alla centrale di Borgo Sabotino&#8221;, spiegano dall&#8217;ente locale che promette di &#8220;continuare a garantire il proprio supporto, grazie al lavoro dell\u2019ufficio ambiente guidato dalla dottoressa Nicoletta Valle, alle operazioni di controllo e verifica del sito nella convinzione che gli enti locali devono offrire una comunicazione mirata e puntuale alla cittadinanza&#8221;. \u201c<\/p>\n<p style=\"text-align: justify;\">Con la presidente Della Penna \u2013 ha affermato il consigliere Giovannini \u2013 abbiamo stabilito una linea di condotta. Gli enti devono fornire in tempo reale alla cittadinanza che giustamente ha necessit\u00e0 di informazioni concrete e affidabili sulla situazione delle falde acquifere e in generale sullo stato dei controlli\u201d.<\/p>\n","protected":false},"excerpt":{"rendered":"<p>LATINA &#8211; Un tavolo per la trasparenza che garantisca una attenta comunicazione tra gli enti coinvolti nel controllo dell\u2019area relativa alla centrale nucleare di Borgo Sabotino a Latina. Lo istituir\u00e0 la Provincia di Latina dopo la riunione della commissione ambiente che si \u00e8 tenuta in Regione mercoled\u00ec 30 marzo. &#8220;Oltre ai tavoli regionali gi\u00e0 esistenti [&hellip;]<\/p>\n","protected":false},"author":62,"featured_media":0,"comment_status":"open","ping_status":"closed","sticky":false,"template":"","format":"standard","meta":{"footnotes":""},"categories":[12],"tags":[],"class_list":["post-176090","post","type-post","status-publish","format-standard","hentry","category-ambiente"],"_links":{"self":[{"href":"https:\/\/www.radioluna.it\/news\/wp-json\/wp\/v2\/posts\/176090","targetHints":{"allow":["GET"]}}],"collection":[{"href":"https:\/\/www.radioluna.it\/news\/wp-json\/wp\/v2\/posts"}],"about":[{"href":"https:\/\/www.radioluna.it\/news\/wp-json\/wp\/v2\/types\/post"}],"author":[{"embeddable":true,"href":"https:\/\/www.radioluna.it\/news\/wp-json\/wp\/v2\/users\/62"}],"replies":[{"embeddable":true,"href":"https:\/\/www.radioluna.it\/news\/wp-json\/wp\/v2\/comments?post=176090"}],"version-history":[{"count":0,"href":"https:\/\/www.radioluna.it\/news\/wp-json\/wp\/v2\/posts\/176090\/revisions"}],"wp:attachment":[{"href":"https:\/\/www.radioluna.it\/news\/wp-json\/wp\/v2\/media?parent=176090"}],"wp:term":[{"taxonomy":"category","embeddable":true,"href":"https:\/\/www.radioluna.it\/news\/wp-json\/wp\/v2\/categories?post=176090"},{"taxonomy":"post_tag","embeddable":true,"href":"https:\/\/www.radioluna.it\/news\/wp-json\/wp\/v2\/tags?post=176090"}],"curies":[{"name":"wp","href":"https:\/\/api.w.org\/{rel}","templated":true}]}}