{"id":176197,"date":"2016-04-04T10:40:14","date_gmt":"2016-04-04T08:40:14","guid":{"rendered":"http:\/\/www.radioluna.it\/news\/?p=176197"},"modified":"2017-12-26T14:27:40","modified_gmt":"2017-12-26T13:27:40","slug":"special-olympics-atleti-in-campo-con-il-latina-calcio","status":"publish","type":"post","link":"https:\/\/www.radioluna.it\/news\/2016\/04\/special-olympics-atleti-in-campo-con-il-latina-calcio\/","title":{"rendered":"Special Olympics, atleti in campo con il Latina Calcio"},"content":{"rendered":"<div id=\"fb-root\"><\/div>\n<p style=\"text-align: justify;\"><strong><a href=\"http:\/\/www.radioluna.it\/news\/wp-content\/uploads\/2016\/04\/special.jpg\"><img loading=\"lazy\" decoding=\"async\" class=\"aligncenter size-thumbnail wp-image-176198\" src=\"http:\/\/www.radioluna.it\/news\/wp-content\/uploads\/2016\/04\/special-689x886.jpg\" alt=\"special\" width=\"689\" height=\"886\" srcset=\"https:\/\/www.radioluna.it\/news\/wp-content\/uploads\/2016\/04\/special-689x886.jpg 689w, https:\/\/www.radioluna.it\/news\/wp-content\/uploads\/2016\/04\/special-768x988.jpg 768w, https:\/\/www.radioluna.it\/news\/wp-content\/uploads\/2016\/04\/special-500x643.jpg 500w, https:\/\/www.radioluna.it\/news\/wp-content\/uploads\/2016\/04\/special-233x300.jpg 233w, https:\/\/www.radioluna.it\/news\/wp-content\/uploads\/2016\/04\/special-796x1024.jpg 796w, https:\/\/www.radioluna.it\/news\/wp-content\/uploads\/2016\/04\/special-800x1029.jpg 800w, https:\/\/www.radioluna.it\/news\/wp-content\/uploads\/2016\/04\/special-300x386.jpg 300w, https:\/\/www.radioluna.it\/news\/wp-content\/uploads\/2016\/04\/special.jpg 960w\" sizes=\"auto, (max-width: 689px) 100vw, 689px\" \/><\/a>LATINA<\/strong> &#8211; Gli atleti di \u201cSpecial Olympics\u201d Latina sono scesi in campo sabato pomeriggio con i giocatori del Latina calcio per la gara del campionato di serie B contro l\u2019Avellino.\u00a0L\u2019iniziativa rientra nel progetto \u201cUn giorno per la nostra citt\u00e0. Le Diverse Abilit\u00e0 ed i normodotati: lo sport integrato&#8221;, evento promosso dalla Lega Calcio Serie B su tutti i campi, con un momento emozionante e condiviso in contemporanea con tutti i Club sui rispettivi campi di gioco. I ragazzi di Special Olympics Latina hanno ricevuto l&#8217;ospitalit\u00e0 in tribuna, durante l&#8217;incontro, e nell&#8217;area ospitalit\u00e0 nel prepartita, indossato le divise e sono scesi in campo prima della gara e durante l\u2019intervallo introdotti dallo speaker dello stadio, facendo &#8220;passaggi e tiri in porta&#8221;.<\/p>\n<p>NOTE SU \u201cSPECIAL OLYMPICS\u201d &#8211;\u00a0Il programma internazionale Special Olympics, nato nel 1968 e diffuso oggi in pi\u00f9 di 170 Paesi, rappresenta l\u2019esempio pi\u00f9 importante di come lo sport possa costituire momento di aggregazione, di crescita e di condivisione per persone con disabilit\u00e0 mentale, configurandosi al contempo come un punto di riferimento essenziale per le famiglie.<br \/>\nOgni anno vengono organizzati in tutti i Paesi aderenti migliaia di eventi sportivi che vedono coinvolti milioni di atleti, volontari e famiglie. Ogni anno una rappresentativa italiana viene chiamata a partecipare alternativamente ai Giochi Mondiali (Invernali o Estivi) o a quelli Europei.<\/p>\n<p style=\"text-align: justify;\">La missione di questo Movimento \u00e8 di promuovere gli allenamenti e la pratica dello sport olimpico per individui con disabilit\u00e0 intellettive, dando loro continue opportunit\u00e0 di sviluppo fisico e psichico, facendo loro dimostrare coraggio, capacit\u00e0, e creando sempre nuovi motivi per gioire insieme alle proprie famiglie, ai propri amici e a tutta la comunit\u00e0. Il fine ultimo di Special Olympics \u00e8 quello di dare, alle persone con disabilit\u00e0 intellettive, la possibilit\u00e0 di diventare cittadini utili alla societ\u00e0 e quindi accettati, apprezzati, e rispettati dall\u2019intera comunit\u00e0.<\/p>\n<p style=\"text-align: justify;\">Nel mondo sono oltre 170 i paesi che adottano il programma Special Olympics.<br \/>\nIl giuramento che gli atleti pronunciano prima di ogni manifestazione sportiva \u00e8: \u201cChe io possa vincere, ma se non riuscissi che io possa tentare con tutte le mie forze\u201d. Special Olympics \u00e8 riconosciuto dal Coni nazionale e Internazionale; ovunque nel mondo e ad ogni livello (locale, nazionale ed internazionale), \u00e8 un Programma educativo che propone ed organizza allenamenti ed eventi solo per persone con disabilit\u00e0 intellettiva e per ogni livello di abilit\u00e0. Le manifestazioni sportive sono aperte a tutti e premiano tutti, sulla base di regolamenti internazionali continuamente testati e aggiornati.<br \/>\nOgni anno diversi atleti della provincia di Latina partecipano alle varie manifestazioni locali, nazionali e regionali.<\/p>\n","protected":false},"excerpt":{"rendered":"<p>LATINA &#8211; Gli atleti di \u201cSpecial Olympics\u201d Latina sono scesi in campo sabato pomeriggio con i giocatori del Latina calcio per la gara del campionato di serie B contro l\u2019Avellino.\u00a0L\u2019iniziativa rientra nel progetto \u201cUn giorno per la nostra citt\u00e0. Le Diverse Abilit\u00e0 ed i normodotati: lo sport integrato&#8221;, evento promosso dalla Lega Calcio Serie B [&hellip;]<\/p>\n","protected":false},"author":62,"featured_media":176198,"comment_status":"open","ping_status":"closed","sticky":false,"template":"","format":"standard","meta":{"footnotes":""},"categories":[17],"tags":[],"class_list":["post-176197","post","type-post","status-publish","format-standard","has-post-thumbnail","hentry","category-sport"],"_links":{"self":[{"href":"https:\/\/www.radioluna.it\/news\/wp-json\/wp\/v2\/posts\/176197","targetHints":{"allow":["GET"]}}],"collection":[{"href":"https:\/\/www.radioluna.it\/news\/wp-json\/wp\/v2\/posts"}],"about":[{"href":"https:\/\/www.radioluna.it\/news\/wp-json\/wp\/v2\/types\/post"}],"author":[{"embeddable":true,"href":"https:\/\/www.radioluna.it\/news\/wp-json\/wp\/v2\/users\/62"}],"replies":[{"embeddable":true,"href":"https:\/\/www.radioluna.it\/news\/wp-json\/wp\/v2\/comments?post=176197"}],"version-history":[{"count":0,"href":"https:\/\/www.radioluna.it\/news\/wp-json\/wp\/v2\/posts\/176197\/revisions"}],"wp:featuredmedia":[{"embeddable":true,"href":"https:\/\/www.radioluna.it\/news\/wp-json\/wp\/v2\/media\/176198"}],"wp:attachment":[{"href":"https:\/\/www.radioluna.it\/news\/wp-json\/wp\/v2\/media?parent=176197"}],"wp:term":[{"taxonomy":"category","embeddable":true,"href":"https:\/\/www.radioluna.it\/news\/wp-json\/wp\/v2\/categories?post=176197"},{"taxonomy":"post_tag","embeddable":true,"href":"https:\/\/www.radioluna.it\/news\/wp-json\/wp\/v2\/tags?post=176197"}],"curies":[{"name":"wp","href":"https:\/\/api.w.org\/{rel}","templated":true}]}}