{"id":176262,"date":"2016-04-05T17:16:09","date_gmt":"2016-04-05T15:16:09","guid":{"rendered":"http:\/\/www.radioluna.it\/news\/?p=176262"},"modified":"2016-04-05T17:16:09","modified_gmt":"2016-04-05T15:16:09","slug":"enrico-forte-incontra-i-residenti-del-quartiere-isonzo","status":"publish","type":"post","link":"https:\/\/www.radioluna.it\/news\/2016\/04\/enrico-forte-incontra-i-residenti-del-quartiere-isonzo\/","title":{"rendered":"Enrico Forte incontra i residenti del quartiere Isonzo"},"content":{"rendered":"<div id=\"fb-root\"><\/div>\n<p style=\"text-align: justify;\"><strong><a href=\"http:\/\/www.radioluna.it\/news\/wp-content\/uploads\/2016\/04\/foto-isonzo.jpeg\"><img loading=\"lazy\" decoding=\"async\" class=\"aligncenter size-full wp-image-176263\" src=\"http:\/\/www.radioluna.it\/news\/wp-content\/uploads\/2016\/04\/foto-isonzo.jpeg\" alt=\"foto isonzo\" width=\"548\" height=\"362\" \/><\/a>LATINA &#8211;<\/strong> &#8220;Riparte un cammino che, di fatto, non si \u00e8 mai fermato. Stavolta \u00e8 il \u2018Viaggio di Latina\u2019, perch\u00e9 tutti dobbiamo essere impegnati e credere che la svolta sia possibile. Ho incontrato il quartiere Isonzo, uno dei pi\u00f9 popolosi di Latina. Un\u2019area divenuta oggetto di attenzione di un\u2019edilizia senza scrupoli e non valorizzato con servizi adeguati. Una vera citt\u00e0 nella citt\u00e0. I problemi della gente, dei commercianti, degli anziani e delle famiglie sono molti: emerge la totale incuria delle aree verdi, alcune delle quali gestite da privati ( modalit\u00e0 da rivedere sicuramente). Anche per il parco San Marco occorre sbloccare al pi\u00f9 presto l\u2019iter per affidare l\u2019area in gestione in maniera da renderla fruibile sempre. Il quartiere vive in stretto rapporto con le scuole: questa \u00e8 una ricchezza peculiare della zona e offre una molteplicit\u00e0 di spazi che, anche oltre il periodo scolastico, potrebbero essere utilizzati dalla comunit\u00e0. Servirebbe ampliare l\u2019ufficio postale, dotare il quartiere di impiantistica sportiva. Questo, anzi, \u00e8 uno dei tasti dolenti: lo storico campetto di calcio dell\u2019R6 oggi \u00e8 oggi un\u2019area edificabile, bloccata a seguito della sospensione dei piani particolareggiati. Una vicenda che grida giustizia e che mi vedr\u00e0 impegnato, se verr\u00f2 eletto, a ridare al quartiere un\u2019anima degna di quello che dovr\u00e0 essere uno dei biglietti da visita per l\u2019ingresso alla citt\u00e0. Altra grande risorsa della zona &#8211; non sfruttata &#8211; \u00e8 l\u2019area del mercato del marted\u00ec: durante tutta la settimana \u00e8 un deserto cui si aggiunge il degrado di alcuni immobili abbandonati ( il vecchio bar di Via Rossetti ad esempio). Questi spazi vanno recuperati e dati collettivit\u00e0, rigenerati senza bisogno di consumare altro suolo\u00bb. Lo dichiara Enrico Forte, candidato sindaco di Latina. Nei prossimi giorni proseguiranno le tappe presso quartieri e borghi della citt\u00e0.<\/p>\n","protected":false},"excerpt":{"rendered":"<p>LATINA &#8211; &#8220;Riparte un cammino che, di fatto, non si \u00e8 mai fermato. Stavolta \u00e8 il \u2018Viaggio di Latina\u2019, perch\u00e9 tutti dobbiamo essere impegnati e credere che la svolta sia possibile. Ho incontrato il quartiere Isonzo, uno dei pi\u00f9 popolosi di Latina. Un\u2019area divenuta oggetto di attenzione di un\u2019edilizia senza scrupoli e non valorizzato con [&hellip;]<\/p>\n","protected":false},"author":60,"featured_media":0,"comment_status":"open","ping_status":"closed","sticky":false,"template":"","format":"standard","meta":{"footnotes":""},"categories":[8],"tags":[],"class_list":["post-176262","post","type-post","status-publish","format-standard","hentry","category-politica"],"_links":{"self":[{"href":"https:\/\/www.radioluna.it\/news\/wp-json\/wp\/v2\/posts\/176262","targetHints":{"allow":["GET"]}}],"collection":[{"href":"https:\/\/www.radioluna.it\/news\/wp-json\/wp\/v2\/posts"}],"about":[{"href":"https:\/\/www.radioluna.it\/news\/wp-json\/wp\/v2\/types\/post"}],"author":[{"embeddable":true,"href":"https:\/\/www.radioluna.it\/news\/wp-json\/wp\/v2\/users\/60"}],"replies":[{"embeddable":true,"href":"https:\/\/www.radioluna.it\/news\/wp-json\/wp\/v2\/comments?post=176262"}],"version-history":[{"count":0,"href":"https:\/\/www.radioluna.it\/news\/wp-json\/wp\/v2\/posts\/176262\/revisions"}],"wp:attachment":[{"href":"https:\/\/www.radioluna.it\/news\/wp-json\/wp\/v2\/media?parent=176262"}],"wp:term":[{"taxonomy":"category","embeddable":true,"href":"https:\/\/www.radioluna.it\/news\/wp-json\/wp\/v2\/categories?post=176262"},{"taxonomy":"post_tag","embeddable":true,"href":"https:\/\/www.radioluna.it\/news\/wp-json\/wp\/v2\/tags?post=176262"}],"curies":[{"name":"wp","href":"https:\/\/api.w.org\/{rel}","templated":true}]}}