{"id":176282,"date":"2016-04-06T07:55:08","date_gmt":"2016-04-06T05:55:08","guid":{"rendered":"http:\/\/www.radioluna.it\/news\/?p=176282"},"modified":"2016-04-06T07:55:08","modified_gmt":"2016-04-06T05:55:08","slug":"nicoletta-zuliani-presenta-il-suo-programma-nel-point-di-forte","status":"publish","type":"post","link":"https:\/\/www.radioluna.it\/news\/2016\/04\/nicoletta-zuliani-presenta-il-suo-programma-nel-point-di-forte\/","title":{"rendered":"Nicoletta Zuliani presenta il suo programma nel point di Forte"},"content":{"rendered":"<div id=\"fb-root\"><\/div>\n<p style=\"text-align: justify;\"><strong><a href=\"http:\/\/www.radioluna.it\/news\/wp-content\/uploads\/2016\/04\/zuliani.jpg\"><img loading=\"lazy\" decoding=\"async\" class=\"aligncenter size-thumbnail wp-image-176283\" src=\"http:\/\/www.radioluna.it\/news\/wp-content\/uploads\/2016\/04\/zuliani-689x516.jpg\" alt=\"zuliani\" width=\"689\" height=\"516\" srcset=\"https:\/\/www.radioluna.it\/news\/wp-content\/uploads\/2016\/04\/zuliani-689x516.jpg 689w, https:\/\/www.radioluna.it\/news\/wp-content\/uploads\/2016\/04\/zuliani-500x375.jpg 500w, https:\/\/www.radioluna.it\/news\/wp-content\/uploads\/2016\/04\/zuliani-300x225.jpg 300w, https:\/\/www.radioluna.it\/news\/wp-content\/uploads\/2016\/04\/zuliani.jpg 698w\" sizes=\"auto, (max-width: 689px) 100vw, 689px\" \/><\/a>LATINA<\/strong> &#8211; Assemblea partecipata per la presentazione di Nicoletta Zuliani, presso l\u2019Open Point di Enrico Forte in \u00a0Corso della Repubblica.\u00a0L\u2019esponente del Pd, consigliera nell&#8217;ultima consiliatura, \u00a0ha deciso di candidarsi e i oieri ha illustrato i temi \u201crivoluzionari\u201dperch\u00e9 \u00a0&#8211; ha detto &#8211; &#8220;la citt\u00e0 e le persone sono stati trattati negli ultimi dieci anni, come sudditi e non come cittadini&#8221;. Quello auspicato da Zuliani \u00e8 un vero e proprio cambio di prospettiva:\u00a0\u201cSar\u00e0 sicuramente un percorso impegnativo e lungo, ma si pu\u00f2 riuscire a cambiare davvero questa citt\u00e0 e renderla pi\u00f9 vivibile e pi\u00f9 accessibile\u201d &#8211; ha affermato Zuliani.<\/p>\n<p style=\"text-align: justify;\">I punti del programma elettorale: trasparenza e partecipazione, politiche giovanili e welfare di comunit\u00e0. Obiettivi che possono essere realizzati creando gli strumenti amministrativi adatti.<\/p>\n<p style=\"text-align: justify;\">Riguardo al primo punto, Zuliani ha sottolineato come sia fondamentale istituire finalmente una Carta dei Servizi, attraverso la quale il cittadino possa esprimere un giudizio che influenzi realmente l\u2019operato dell\u2019amministrazione comunale. L\u2019istituzione delle Consulte, organi costituiti da cittadini, in forma associativa o singola, che esprimano pareri obbligatori e non vincolanti sugli argomenti mano a mano affrontati. L\u2019istituzione di un bilancio e di un\u2019urbanistica davvero partecipati.<\/p>\n<p style=\"text-align: justify;\">Sul tema delle nuove generazioni: \u201cBisogna rifondare l\u2019Informagiovani, fornendo ai ragazzi tutte le opportunit\u00e0 a loro necessarie perch\u00e9 si sentano parte di una rete e cittadini di una citt\u00e0 moderna. Che promuova la loro autonomia, fornendo facile accesso alle informazioni sui bandi della Regione Lazio e di quelli europei. Bisogna creare un sito che raccolga tutti gli eventi legati alla giovent\u00f9, non soltanto del territorio locale, ma che dia anche l\u2019opportunit\u00e0 di fare esperienze vere ed importanti all\u2019estero- di lavoro, studio e volontariato &#8211; che facciano curriculum\u201d. Poi Zuliani pensa alla cultura e, in un senso pratico, allo strumento dei gemellaggi tra citt\u00e0: \u201cChe non siano pi\u00f9 buoni per il politico di turno, ma che diano l\u2019opportunit\u00e0 di creare scambi, contaminazioni culturali e ponti in senso artistico. Perch\u00e9 con l\u2019arte e la bellezza, torni anche il lavoro\u201d. Il tema della sicurezza. \u201cIl Comune deve pensare ai giovani e deve fare la sua parte perch\u00e9 essi vivano in una citt\u00e0 che li protegga con i mezzi che ha a disposizione: penso ad una convenzione con i taxi, all\u2019istituzione di navette notturne, penso ad un numero attraverso il quale su whatsapp possano essere inviate segnalazioni di vario genere contro i fenomeni di bullismo o episodi di violenza, per esempio. Un numero che possa essere gestito dalle associazioni\u201d. Infine la Citt\u00e0 dei bambini, cio\u00e8 una nuova concezione urbana, pensata e realizzata in modo del tutto diverso rispetto al modo attuale.<\/p>\n<p style=\"text-align: justify;\">Poi la progettazione, con l\u2019aiuto del terzo settore, di un vero e proprio welfare di comunit\u00e0. Le associazioni dovranno per\u00f2 essere selezionate creando un Albo di partenariato, che sia basato su vari criteri, primi fra tutti il lavoro svolto sul territorio, l\u2019efficacia degli interventi compiuti, la storia che rappresentano. \u201cIl ruolo delle associazioni \u00e8 fondamentale per il Comune, perch\u00e9 esse sono una fonte inesauribile di informazioni ed hanno un contatto diretto con il territorio e le persone che si tramuta in un\u2019opportunit\u00e0 unica per l\u2019amministrazione\u201d.<\/p>\n<p>&nbsp;<\/p>\n","protected":false},"excerpt":{"rendered":"<p>LATINA &#8211; Assemblea partecipata per la presentazione di Nicoletta Zuliani, presso l\u2019Open Point di Enrico Forte in \u00a0Corso della Repubblica.\u00a0L\u2019esponente del Pd, consigliera nell&#8217;ultima consiliatura, \u00a0ha deciso di candidarsi e i oieri ha illustrato i temi \u201crivoluzionari\u201dperch\u00e9 \u00a0&#8211; ha detto &#8211; &#8220;la citt\u00e0 e le persone sono stati trattati negli ultimi dieci anni, come sudditi [&hellip;]<\/p>\n","protected":false},"author":60,"featured_media":176283,"comment_status":"open","ping_status":"closed","sticky":false,"template":"","format":"standard","meta":{"footnotes":""},"categories":[8],"tags":[],"class_list":["post-176282","post","type-post","status-publish","format-standard","has-post-thumbnail","hentry","category-politica"],"_links":{"self":[{"href":"https:\/\/www.radioluna.it\/news\/wp-json\/wp\/v2\/posts\/176282","targetHints":{"allow":["GET"]}}],"collection":[{"href":"https:\/\/www.radioluna.it\/news\/wp-json\/wp\/v2\/posts"}],"about":[{"href":"https:\/\/www.radioluna.it\/news\/wp-json\/wp\/v2\/types\/post"}],"author":[{"embeddable":true,"href":"https:\/\/www.radioluna.it\/news\/wp-json\/wp\/v2\/users\/60"}],"replies":[{"embeddable":true,"href":"https:\/\/www.radioluna.it\/news\/wp-json\/wp\/v2\/comments?post=176282"}],"version-history":[{"count":0,"href":"https:\/\/www.radioluna.it\/news\/wp-json\/wp\/v2\/posts\/176282\/revisions"}],"wp:featuredmedia":[{"embeddable":true,"href":"https:\/\/www.radioluna.it\/news\/wp-json\/wp\/v2\/media\/176283"}],"wp:attachment":[{"href":"https:\/\/www.radioluna.it\/news\/wp-json\/wp\/v2\/media?parent=176282"}],"wp:term":[{"taxonomy":"category","embeddable":true,"href":"https:\/\/www.radioluna.it\/news\/wp-json\/wp\/v2\/categories?post=176282"},{"taxonomy":"post_tag","embeddable":true,"href":"https:\/\/www.radioluna.it\/news\/wp-json\/wp\/v2\/tags?post=176282"}],"curies":[{"name":"wp","href":"https:\/\/api.w.org\/{rel}","templated":true}]}}