{"id":176353,"date":"2016-04-06T11:39:41","date_gmt":"2016-04-06T09:39:41","guid":{"rendered":"http:\/\/www.radioluna.it\/news\/?p=176353"},"modified":"2016-04-07T11:46:29","modified_gmt":"2016-04-07T09:46:29","slug":"patrizia-fanti-in-corsa-per-il-consiglio-comunale-con-la-lista-cuori-italiani","status":"publish","type":"post","link":"https:\/\/www.radioluna.it\/news\/2016\/04\/patrizia-fanti-in-corsa-per-il-consiglio-comunale-con-la-lista-cuori-italiani\/","title":{"rendered":"Patrizia Fanti in corsa per il Consiglio comunale con la lista Cuori Italiani"},"content":{"rendered":"<div id=\"fb-root\"><\/div>\n<div id=\"attachment_110039\" style=\"width: 703px\" class=\"wp-caption aligncenter\"><a href=\"http:\/\/www.radioluna.it\/news\/wp-content\/uploads\/2011\/09\/Fanti.jpg\"><img loading=\"lazy\" decoding=\"async\" aria-describedby=\"caption-attachment-110039\" class=\"wp-image-110039 \" src=\"http:\/\/www.radioluna.it\/news\/wp-content\/uploads\/2011\/09\/Fanti.jpg\" alt=\"Patrizia Fanti\" width=\"693\" height=\"462\" srcset=\"https:\/\/www.radioluna.it\/news\/wp-content\/uploads\/2011\/09\/Fanti.jpg 720w, https:\/\/www.radioluna.it\/news\/wp-content\/uploads\/2011\/09\/Fanti-300x200.jpg 300w, https:\/\/www.radioluna.it\/news\/wp-content\/uploads\/2011\/09\/Fanti-500x333.jpg 500w, https:\/\/www.radioluna.it\/news\/wp-content\/uploads\/2011\/09\/Fanti-600x400.jpg 600w\" sizes=\"auto, (max-width: 693px) 100vw, 693px\" \/><\/a><p id=\"caption-attachment-110039\" class=\"wp-caption-text\">Patrizia Fanti<\/p><\/div>\n<p style=\"text-align: justify;\"><strong>LATINA<\/strong> &#8211; E&#8217; stata ufficializzata la candidatura dell\u2019architetto Patrizia Fanti con la lista Cuori Italiani \u2013 Idea (la compagine politica che fa riferimento a livello nazionale a Gaetano Quagliariello). Un lungo passato in consiglio comunale e come assessore alla cultura, ai servizi sociali e all&#8217;ambiente nelle ultime giunte, la fanti \u00e8 stata anche vicesindaco \u00e8 tornata in campo oggi per sostenere la candidatura a sindaco di Nicola Calandrini,<\/p>\n<p style=\"text-align: justify;\"><strong>I PROGETTI<\/strong> &#8211; Due sono due i progetti\u00a0 avviati ma non realizzati che stanno particolarmente a cuore alla Fanti:\u00a0\u201cSi tratta di iniziative mirate ad affrontare problemi che riguardano non solo i \u201csingoli\u201d , ma che coinvolgono e sconvolgono le famiglie e soprattutto i bambini. Mi riferisco \u2013 spiega Patrizia Fanti \u2013 \u00a0al progetto teso a contrastare la ludopatia e a quello a sostegno dei pap\u00e0 separati. Entrambi i progetti erano stati approvati e finanziati con fondi della Regione Lazio. In particolare lo sportello per il contrasto alle ludopatie che aveva ricevuto un finanziamento di 20.000 euro nell\u2019ambito dei Piani di zona in cui Latina \u00e8 il Comune capofila. Ben consapevole della gravit\u00e0 del fenomeno della ludopatia che pu\u00f2 portare a rovesci finanziari, compromissione dei rapporti familiari con l\u2019inevitabile coinvolgimento dei bambini, grazie alle competenze degli uffici dell\u2019Assessorato, gi\u00e0 nel 2011, quindi prima dell\u2019erogazione dei fondi regionali,\u00a0\u00a0 era stato elaborato il progetto puntiforme \u2018Rien ne va plus\u2019, nel quale il Comune era parte sussidiaria di un\u2019associazione, e che poi nel 2013 ottenne il finanziamento.\u201d<\/p>\n<p style=\"text-align: justify;\">\u201cQuando ho lasciato gli incarichi istituzionali nel 2014, il fenomeno della ludopatia era in preoccupante crescita \u2013 continua \u2013 ma contemporaneamente avevo reso disponibili i fondi per la realizzazione del progetto\u00a0 che a tutt\u2019oggi \u00e8 ancora \u201cai nastri di partenza\u201d, la qualcosa non solo ritarda un intervento socialmente necessario, ma significa di fatto aver rinunciato\u00a0 al ruolo di guida tra i Comuni partecipanti che invece hanno da tempo avviato la loro parte di progetto.\u201d<\/p>\n<p style=\"text-align: justify;\"><strong>LE CASE DEI PAPA&#8217; &#8211;<\/strong> \u201cC\u2019\u00e8 poi il secondo finanziamento \u2013 incalza la Fanti \u2013 quello relativo al bando per la gestione delle Case dei pap\u00e0. Atteso che si \u00e8 a ridosso della chiusura del dormitorio temporaneo dell\u2019emergenza freddo, che alcuni pap\u00e0 separati utilizzano il dormitorio nell\u2019impossibilit\u00e0 di soluzioni diverse, alcuni ospiti si troveranno senza un ricovero. Per essere chiari il mio timore \u00e8 che, non essendo stati individuati i gestori delle Case dei pap\u00e0 separati, non vengano concessi per tempo neanche gli alloggi. Sarebbe opportuno che intanto gli alloggi venissero consegnati agli aventi diritto \u00a0indicati nella specifica graduatoria e, nelle more, responsabilizzare della gestione i funzionari dell\u2019Amministrazione \u00a0comunale in quanto la priorit\u00e0 \u00e8 avviare\u00a0 il progetto di accoglienza. Non dimentichiamo che con questa iniziativa \u2013 conclude Patrizia Fanti \u2013 avevo affrontato la tematica delle povert\u00e0 pi\u00f9 moderne, le nuove, quelle che nascono \u00a0appunto \u00a0dalle separazioni. Una considerazione per entrambi i progetti avviati ma non partiti \u2013 conclude \u2013 : \u00e8 stata distrazione, o forse peggio ancora immobilismo? In entrambi i casi sono meravigliata considerata l\u2019efficienza dimostrata dagli uffici comunali competenti durante il mio mandato.\u201d<\/p>\n<p>&nbsp;<\/p>\n","protected":false},"excerpt":{"rendered":"<p>LATINA &#8211; E&#8217; stata ufficializzata la candidatura dell\u2019architetto Patrizia Fanti con la lista Cuori Italiani \u2013 Idea (la compagine politica che fa riferimento a livello nazionale a Gaetano Quagliariello). Un lungo passato in consiglio comunale e come assessore alla cultura, ai servizi sociali e all&#8217;ambiente nelle ultime giunte, la fanti \u00e8 stata anche vicesindaco \u00e8 [&hellip;]<\/p>\n","protected":false},"author":60,"featured_media":110039,"comment_status":"open","ping_status":"closed","sticky":false,"template":"","format":"standard","meta":{"footnotes":""},"categories":[8],"tags":[],"class_list":["post-176353","post","type-post","status-publish","format-standard","has-post-thumbnail","hentry","category-politica"],"_links":{"self":[{"href":"https:\/\/www.radioluna.it\/news\/wp-json\/wp\/v2\/posts\/176353","targetHints":{"allow":["GET"]}}],"collection":[{"href":"https:\/\/www.radioluna.it\/news\/wp-json\/wp\/v2\/posts"}],"about":[{"href":"https:\/\/www.radioluna.it\/news\/wp-json\/wp\/v2\/types\/post"}],"author":[{"embeddable":true,"href":"https:\/\/www.radioluna.it\/news\/wp-json\/wp\/v2\/users\/60"}],"replies":[{"embeddable":true,"href":"https:\/\/www.radioluna.it\/news\/wp-json\/wp\/v2\/comments?post=176353"}],"version-history":[{"count":0,"href":"https:\/\/www.radioluna.it\/news\/wp-json\/wp\/v2\/posts\/176353\/revisions"}],"wp:featuredmedia":[{"embeddable":true,"href":"https:\/\/www.radioluna.it\/news\/wp-json\/wp\/v2\/media\/110039"}],"wp:attachment":[{"href":"https:\/\/www.radioluna.it\/news\/wp-json\/wp\/v2\/media?parent=176353"}],"wp:term":[{"taxonomy":"category","embeddable":true,"href":"https:\/\/www.radioluna.it\/news\/wp-json\/wp\/v2\/categories?post=176353"},{"taxonomy":"post_tag","embeddable":true,"href":"https:\/\/www.radioluna.it\/news\/wp-json\/wp\/v2\/tags?post=176353"}],"curies":[{"name":"wp","href":"https:\/\/api.w.org\/{rel}","templated":true}]}}