{"id":176384,"date":"2016-04-07T21:59:31","date_gmt":"2016-04-07T19:59:31","guid":{"rendered":"http:\/\/www.radioluna.it\/news\/?p=176384"},"modified":"2016-04-07T21:59:31","modified_gmt":"2016-04-07T19:59:31","slug":"tenta-di-rapinare-un-uomo-per-strada-arrestato-dalla-volante","status":"publish","type":"post","link":"https:\/\/www.radioluna.it\/news\/2016\/04\/tenta-di-rapinare-un-uomo-per-strada-arrestato-dalla-volante\/","title":{"rendered":"Tenta di rapinare un uomo per strada, arrestato dalla Volante"},"content":{"rendered":"<div id=\"fb-root\"><\/div>\n<p><a href=\"http:\/\/www.radioluna.it\/news\/wp-content\/uploads\/2015\/06\/volante.jpg\"><img loading=\"lazy\" decoding=\"async\" class=\"aligncenter size-thumbnail wp-image-165769\" src=\"http:\/\/www.radioluna.it\/news\/wp-content\/uploads\/2015\/06\/volante-635x357.jpg\" alt=\"volante\" width=\"635\" height=\"357\" srcset=\"https:\/\/www.radioluna.it\/news\/wp-content\/uploads\/2015\/06\/volante-635x357.jpg 635w, https:\/\/www.radioluna.it\/news\/wp-content\/uploads\/2015\/06\/volante-768x431.jpg 768w, https:\/\/www.radioluna.it\/news\/wp-content\/uploads\/2015\/06\/volante-500x281.jpg 500w, https:\/\/www.radioluna.it\/news\/wp-content\/uploads\/2015\/06\/volante-300x169.jpg 300w, https:\/\/www.radioluna.it\/news\/wp-content\/uploads\/2015\/06\/volante-1024x575.jpg 1024w, https:\/\/www.radioluna.it\/news\/wp-content\/uploads\/2015\/06\/volante-800x449.jpg 800w, https:\/\/www.radioluna.it\/news\/wp-content\/uploads\/2015\/06\/volante.jpg 1000w\" sizes=\"auto, (max-width: 635px) 100vw, 635px\" \/><\/a><\/p>\n<p>LATINA-\u00a0Ha tentato di rapinare un uomo di 60 anni nella zona delle Autolinee e armato di taglierino gli ha chiesto i soldi. E&#8217; successo nella notte a Latina. \u00a0Sono stati alcuni passanti che hanno visto tutta la scena a chiamare il 113 e gli agenti del Reparto Volanti che nel giro di pochi secondi hanno arrestato in via Marchiafava l&#8217;autore della rapina. In manette \u00e8 un giovane algerino di 29 anni che \u00e8 accusato di rapina aggravata. Non \u00e8 il primo episodio del genere che avviene nella zona delle Autolinee.<\/p>\n<p>&nbsp;<\/p>\n<div class=\"radio-posizionamento-telefono-in-articoli-dopo-il-contenuto-articolo radio-entity-placement\" id=\"radio-1613168394\"><div id=\"radio-2901038766\" style=\"width: 300px;height: 250px;\"><a href=\"https:\/\/www.icarspa.it\/auto\/usate\/latina\/\" aria-label=\"banner aprile icar new life &#8211; auto usate latina\"><img loading=\"lazy\" decoding=\"async\" src=\"https:\/\/www.radioluna.it\/news\/wp-content\/uploads\/2026\/02\/banner-aprile-icar-new-life-auto-usate-latina.gif\" alt=\"\"  width=\"300\" height=\"250\"   \/><\/a><\/div><\/div>","protected":false},"excerpt":{"rendered":"<p>LATINA-\u00a0Ha tentato di rapinare un uomo di 60 anni nella zona delle Autolinee e armato di taglierino gli ha chiesto i soldi. E&#8217; successo nella notte a Latina. \u00a0Sono stati alcuni passanti che hanno visto tutta la scena a chiamare il 113 e gli agenti del Reparto Volanti che nel giro di pochi secondi hanno [&hellip;]<\/p>\n","protected":false},"author":60,"featured_media":165769,"comment_status":"open","ping_status":"closed","sticky":false,"template":"","format":"standard","meta":{"footnotes":""},"categories":[7],"tags":[],"class_list":["post-176384","post","type-post","status-publish","format-standard","has-post-thumbnail","hentry","category-cronaca"],"_links":{"self":[{"href":"https:\/\/www.radioluna.it\/news\/wp-json\/wp\/v2\/posts\/176384","targetHints":{"allow":["GET"]}}],"collection":[{"href":"https:\/\/www.radioluna.it\/news\/wp-json\/wp\/v2\/posts"}],"about":[{"href":"https:\/\/www.radioluna.it\/news\/wp-json\/wp\/v2\/types\/post"}],"author":[{"embeddable":true,"href":"https:\/\/www.radioluna.it\/news\/wp-json\/wp\/v2\/users\/60"}],"replies":[{"embeddable":true,"href":"https:\/\/www.radioluna.it\/news\/wp-json\/wp\/v2\/comments?post=176384"}],"version-history":[{"count":0,"href":"https:\/\/www.radioluna.it\/news\/wp-json\/wp\/v2\/posts\/176384\/revisions"}],"wp:featuredmedia":[{"embeddable":true,"href":"https:\/\/www.radioluna.it\/news\/wp-json\/wp\/v2\/media\/165769"}],"wp:attachment":[{"href":"https:\/\/www.radioluna.it\/news\/wp-json\/wp\/v2\/media?parent=176384"}],"wp:term":[{"taxonomy":"category","embeddable":true,"href":"https:\/\/www.radioluna.it\/news\/wp-json\/wp\/v2\/categories?post=176384"},{"taxonomy":"post_tag","embeddable":true,"href":"https:\/\/www.radioluna.it\/news\/wp-json\/wp\/v2\/tags?post=176384"}],"curies":[{"name":"wp","href":"https:\/\/api.w.org\/{rel}","templated":true}]}}