{"id":176395,"date":"2016-04-08T09:29:43","date_gmt":"2016-04-08T07:29:43","guid":{"rendered":"http:\/\/www.radioluna.it\/news\/?p=176395"},"modified":"2016-04-08T09:29:43","modified_gmt":"2016-04-08T07:29:43","slug":"il-movimento-sociale-alle-elezioni-con-una-lista-propria","status":"publish","type":"post","link":"https:\/\/www.radioluna.it\/news\/2016\/04\/il-movimento-sociale-alle-elezioni-con-una-lista-propria\/","title":{"rendered":"Il Movimento Sociale alle elezioni con una lista propria"},"content":{"rendered":"<div id=\"fb-root\"><\/div>\n<p style=\"text-align: justify;\"><strong><a href=\"http:\/\/www.radioluna.it\/news\/wp-content\/uploads\/2016\/04\/msi.jpg\"><img loading=\"lazy\" decoding=\"async\" class=\"size-full wp-image-176396 alignleft\" src=\"http:\/\/www.radioluna.it\/news\/wp-content\/uploads\/2016\/04\/msi.jpg\" alt=\"msi\" width=\"160\" height=\"160\" srcset=\"https:\/\/www.radioluna.it\/news\/wp-content\/uploads\/2016\/04\/msi.jpg 160w, https:\/\/www.radioluna.it\/news\/wp-content\/uploads\/2016\/04\/msi-150x150.jpg 150w, https:\/\/www.radioluna.it\/news\/wp-content\/uploads\/2016\/04\/msi-80x80.jpg 80w, https:\/\/www.radioluna.it\/news\/wp-content\/uploads\/2016\/04\/msi-50x50.jpg 50w\" sizes=\"auto, (max-width: 160px) 100vw, 160px\" \/><\/a>LATINA<\/strong> &#8211;\u00a0La Federazione Provinciale del MSI-DN di Latina annuncia che correr\u00e0 alla prossime amministrative di Latina per l&#8217;elezione del sindaco con un proprio candidato. &#8220;Nonostante reiterati inviti da parte di altri schieramenti politici e civici, atti a concretizzare alleanze &#8211; precisa in una nota &#8211; presenter\u00e0 una propria lista con un suo candidato Sindaco&#8221;. Il Movimento Sociale resta invece &#8220;aperto a tutti i raggruppamenti che vorranno appoggiare il nostro programma&#8221;.<br \/>\nPer saperne di pi\u00f9, l&#8217;appuntamento \u00e8 per sabato 9 aprile, alle 12, al Turirizzo in via Pio VI a Latina, dove sar\u00e0 presentato il direttivo comunale e saranno illustrate le linee guida per la futura amministrazione.<\/p>\n","protected":false},"excerpt":{"rendered":"<p>LATINA &#8211;\u00a0La Federazione Provinciale del MSI-DN di Latina annuncia che correr\u00e0 alla prossime amministrative di Latina per l&#8217;elezione del sindaco con un proprio candidato. &#8220;Nonostante reiterati inviti da parte di altri schieramenti politici e civici, atti a concretizzare alleanze &#8211; precisa in una nota &#8211; presenter\u00e0 una propria lista con un suo candidato Sindaco&#8221;. Il [&hellip;]<\/p>\n","protected":false},"author":60,"featured_media":176396,"comment_status":"open","ping_status":"closed","sticky":false,"template":"","format":"standard","meta":{"footnotes":""},"categories":[8],"tags":[],"class_list":["post-176395","post","type-post","status-publish","format-standard","has-post-thumbnail","hentry","category-politica"],"_links":{"self":[{"href":"https:\/\/www.radioluna.it\/news\/wp-json\/wp\/v2\/posts\/176395","targetHints":{"allow":["GET"]}}],"collection":[{"href":"https:\/\/www.radioluna.it\/news\/wp-json\/wp\/v2\/posts"}],"about":[{"href":"https:\/\/www.radioluna.it\/news\/wp-json\/wp\/v2\/types\/post"}],"author":[{"embeddable":true,"href":"https:\/\/www.radioluna.it\/news\/wp-json\/wp\/v2\/users\/60"}],"replies":[{"embeddable":true,"href":"https:\/\/www.radioluna.it\/news\/wp-json\/wp\/v2\/comments?post=176395"}],"version-history":[{"count":0,"href":"https:\/\/www.radioluna.it\/news\/wp-json\/wp\/v2\/posts\/176395\/revisions"}],"wp:featuredmedia":[{"embeddable":true,"href":"https:\/\/www.radioluna.it\/news\/wp-json\/wp\/v2\/media\/176396"}],"wp:attachment":[{"href":"https:\/\/www.radioluna.it\/news\/wp-json\/wp\/v2\/media?parent=176395"}],"wp:term":[{"taxonomy":"category","embeddable":true,"href":"https:\/\/www.radioluna.it\/news\/wp-json\/wp\/v2\/categories?post=176395"},{"taxonomy":"post_tag","embeddable":true,"href":"https:\/\/www.radioluna.it\/news\/wp-json\/wp\/v2\/tags?post=176395"}],"curies":[{"name":"wp","href":"https:\/\/api.w.org\/{rel}","templated":true}]}}