{"id":176445,"date":"2016-04-09T07:12:35","date_gmt":"2016-04-09T05:12:35","guid":{"rendered":"http:\/\/www.radioluna.it\/news\/?p=176445"},"modified":"2016-04-09T07:12:35","modified_gmt":"2016-04-09T05:12:35","slug":"la-sovrani-si-candida-con-latina-popolare-ma-il-nome-gia-esiste","status":"publish","type":"post","link":"https:\/\/www.radioluna.it\/news\/2016\/04\/la-sovrani-si-candida-con-latina-popolare-ma-il-nome-gia-esiste\/","title":{"rendered":"La Sovrani si candida con &#8220;Latina Popolare&#8221;, ma il nome gi\u00e0 esiste"},"content":{"rendered":"<div id=\"fb-root\"><\/div>\n<p style=\"text-align: justify;\"><strong><a href=\"http:\/\/www.radioluna.it\/news\/wp-content\/uploads\/2016\/04\/lATINA-POPOLARE.png\"><img loading=\"lazy\" decoding=\"async\" class=\"aligncenter size-full wp-image-176446\" src=\"http:\/\/www.radioluna.it\/news\/wp-content\/uploads\/2016\/04\/lATINA-POPOLARE.png\" alt=\"lATINA POPOLARE\" width=\"583\" height=\"358\" \/><\/a>LATINA &#8211;<\/strong> \u201cLatina Popolare\u201d \u00e8 un\u2019associazione regolarmente costituita e registrata in data 12\/02\/2015, che attualmente annovera centinaia di iscritti.<br \/>\nL\u2019Associazione ha svolto e svolge attivit\u00e0 socio-culturale e politica favore dei cittadini e del territorio ed \u00e8 stata protagonista di numerose proposte e di affollati incontri pubblici.<br \/>\nTutto ci\u00f2 \u00e8 facilmente riscontrabile accedendo al sito dell\u2019Associazione www.latinapopolare.it sul quale \u00e8 possibile prendere visione delle attivit\u00e0 svolte nell\u2019ultimo anno.<br \/>\nInvitiamo tutti, soprattutto chi si candida a Sindaco della citt\u00e0, a visitare il sito, dove potranno trovare molte cose interessanti, a partire dalla proposta di istituzione dei Comitati di quartiere.<br \/>\nE\u2019 pertanto con stupore che apprendiamo dalla stampa che la signora Marilena Sovrani starebbe utilizzando il nome registrato della nostra Associazione.<br \/>\nVa precisato che Marilena Sovrani \u00e8 del tutto estranea all\u2019Associazione \u201cLatina Popolare\u201d e che l\u2019Associazione nulla a che vedere con la sua campagna elettorale.<br \/>\nSottolineiamo che l\u2019impegno civile dell\u2019Associazione \u00e8 orientato in tutt\u2019altra direzione.<br \/>\nIl Direttivo di \u201cLatina Popolare\u201d si \u00e8 infatti espresso in maniera chiara e definitiva a favore della costituzione della lista \u201cCitt\u00e0 Forte\u201d.<br \/>\nA conferma di ci\u00f2 \u00e8 noto che numerosi esponenti della nostra Associazione, a partire da Paolo Fragiotta, hanno dato la loro convinta disponibilit\u00e0 a candidarsi nella lista \u201cCitt\u00e0 Forte\u201d.<br \/>\nRiteniamo trattarsi di mera disattenzione.<br \/>\nRibadiamo comunque, come Associazione, la piena titolarit\u00e0 del nome \u201cLatina Popolare\u201d.<\/p>\n","protected":false},"excerpt":{"rendered":"<p>LATINA &#8211; \u201cLatina Popolare\u201d \u00e8 un\u2019associazione regolarmente costituita e registrata in data 12\/02\/2015, che attualmente annovera centinaia di iscritti. L\u2019Associazione ha svolto e svolge attivit\u00e0 socio-culturale e politica favore dei cittadini e del territorio ed \u00e8 stata protagonista di numerose proposte e di affollati incontri pubblici. Tutto ci\u00f2 \u00e8 facilmente riscontrabile accedendo al sito dell\u2019Associazione [&hellip;]<\/p>\n","protected":false},"author":60,"featured_media":0,"comment_status":"open","ping_status":"closed","sticky":false,"template":"","format":"standard","meta":{"footnotes":""},"categories":[8],"tags":[],"class_list":["post-176445","post","type-post","status-publish","format-standard","hentry","category-politica"],"_links":{"self":[{"href":"https:\/\/www.radioluna.it\/news\/wp-json\/wp\/v2\/posts\/176445","targetHints":{"allow":["GET"]}}],"collection":[{"href":"https:\/\/www.radioluna.it\/news\/wp-json\/wp\/v2\/posts"}],"about":[{"href":"https:\/\/www.radioluna.it\/news\/wp-json\/wp\/v2\/types\/post"}],"author":[{"embeddable":true,"href":"https:\/\/www.radioluna.it\/news\/wp-json\/wp\/v2\/users\/60"}],"replies":[{"embeddable":true,"href":"https:\/\/www.radioluna.it\/news\/wp-json\/wp\/v2\/comments?post=176445"}],"version-history":[{"count":0,"href":"https:\/\/www.radioluna.it\/news\/wp-json\/wp\/v2\/posts\/176445\/revisions"}],"wp:attachment":[{"href":"https:\/\/www.radioluna.it\/news\/wp-json\/wp\/v2\/media?parent=176445"}],"wp:term":[{"taxonomy":"category","embeddable":true,"href":"https:\/\/www.radioluna.it\/news\/wp-json\/wp\/v2\/categories?post=176445"},{"taxonomy":"post_tag","embeddable":true,"href":"https:\/\/www.radioluna.it\/news\/wp-json\/wp\/v2\/tags?post=176445"}],"curies":[{"name":"wp","href":"https:\/\/api.w.org\/{rel}","templated":true}]}}