{"id":176482,"date":"2016-04-11T09:34:56","date_gmt":"2016-04-11T07:34:56","guid":{"rendered":"http:\/\/www.radioluna.it\/news\/?p=176482"},"modified":"2016-04-11T16:19:48","modified_gmt":"2016-04-11T14:19:48","slug":"il-pd-presenta-il-chirurgo-tersigni-forza-italia-schiera-roberto-berardi","status":"publish","type":"post","link":"https:\/\/www.radioluna.it\/news\/2016\/04\/il-pd-presenta-il-chirurgo-tersigni-forza-italia-schiera-roberto-berardi\/","title":{"rendered":"Il Pd presenta il chirurgo Tersigni, Forza Italia, schiera Roberto Berardi"},"content":{"rendered":"<div id=\"fb-root\"><\/div>\n<div id=\"attachment_167857\" style=\"width: 542px\" class=\"wp-caption aligncenter\"><a href=\"http:\/\/www.radioluna.it\/news\/wp-content\/uploads\/2015\/08\/roberto-berardi.jpg\"><img loading=\"lazy\" decoding=\"async\" aria-describedby=\"caption-attachment-167857\" class=\"wp-image-167857 size-full\" src=\"http:\/\/www.radioluna.it\/news\/wp-content\/uploads\/2015\/08\/roberto-berardi.jpg\" alt=\"roberto berardi\" width=\"532\" height=\"800\" srcset=\"https:\/\/www.radioluna.it\/news\/wp-content\/uploads\/2015\/08\/roberto-berardi.jpg 532w, https:\/\/www.radioluna.it\/news\/wp-content\/uploads\/2015\/08\/roberto-berardi-500x752.jpg 500w, https:\/\/www.radioluna.it\/news\/wp-content\/uploads\/2015\/08\/roberto-berardi-200x300.jpg 200w, https:\/\/www.radioluna.it\/news\/wp-content\/uploads\/2015\/08\/roberto-berardi-300x451.jpg 300w\" sizes=\"auto, (max-width: 532px) 100vw, 532px\" \/><\/a><p id=\"caption-attachment-167857\" class=\"wp-caption-text\">Roberto Berardi poche ore dopo la liberazione al suo arrivo a Latina<\/p><\/div>\n<p style=\"text-align: justify;\"><strong>LATINA<\/strong> &#8211; Il\u00a0Pd di Latina presenta questa mattina \u00a0alle 12,30 la candidatura del professor Roberto Tersigni, chirurgo, gi\u00e0 primario al Goretti e poi al San Camillo di Roma, oggi docente del polo pontino dell&#8217;Universit\u00e0, che sar\u00e0 capolista dei democratici. L&#8217;appuntamento \u00e8 nell&#8217;open Pint di Enrico Forte in Corso della Repubblica.<br \/>\nAlla conferenza stampa parteciperanno il candidato sindaco Enrico Forte, il senatore Claudio Moscardelli, il segretario del Pd di Latina Andrea Giansanti e il prof. Roberto Tersigni.<\/p>\n<p style=\"text-align: justify;\">Appuntamento oggi anche con Forza Italia. Il candidato sindaco Alessandro Calvi ha convinto ad unirsi alla pattuglia azzurra Roberto Berardi, l&#8217;imprenditore di Latina che ha affrontato una lunga prigionia nel carcere della Guinea Equatoriale Paese dove era in affari con il figlio del dittatore locale Teodorino O&#8217;biang. Anche questa candidatura sar\u00e0 presentata in mattinata alle 11.30 alla Sto\u00e0 di Via Cesare Battisti.<\/p>\n<p style=\"text-align: justify;\">\n","protected":false},"excerpt":{"rendered":"<p>LATINA &#8211; Il\u00a0Pd di Latina presenta questa mattina \u00a0alle 12,30 la candidatura del professor Roberto Tersigni, chirurgo, gi\u00e0 primario al Goretti e poi al San Camillo di Roma, oggi docente del polo pontino dell&#8217;Universit\u00e0, che sar\u00e0 capolista dei democratici. L&#8217;appuntamento \u00e8 nell&#8217;open Pint di Enrico Forte in Corso della Repubblica. Alla conferenza stampa parteciperanno il [&hellip;]<\/p>\n","protected":false},"author":62,"featured_media":176487,"comment_status":"open","ping_status":"closed","sticky":false,"template":"","format":"standard","meta":{"footnotes":""},"categories":[8],"tags":[],"class_list":["post-176482","post","type-post","status-publish","format-standard","has-post-thumbnail","hentry","category-politica"],"_links":{"self":[{"href":"https:\/\/www.radioluna.it\/news\/wp-json\/wp\/v2\/posts\/176482","targetHints":{"allow":["GET"]}}],"collection":[{"href":"https:\/\/www.radioluna.it\/news\/wp-json\/wp\/v2\/posts"}],"about":[{"href":"https:\/\/www.radioluna.it\/news\/wp-json\/wp\/v2\/types\/post"}],"author":[{"embeddable":true,"href":"https:\/\/www.radioluna.it\/news\/wp-json\/wp\/v2\/users\/62"}],"replies":[{"embeddable":true,"href":"https:\/\/www.radioluna.it\/news\/wp-json\/wp\/v2\/comments?post=176482"}],"version-history":[{"count":0,"href":"https:\/\/www.radioluna.it\/news\/wp-json\/wp\/v2\/posts\/176482\/revisions"}],"wp:featuredmedia":[{"embeddable":true,"href":"https:\/\/www.radioluna.it\/news\/wp-json\/wp\/v2\/media\/176487"}],"wp:attachment":[{"href":"https:\/\/www.radioluna.it\/news\/wp-json\/wp\/v2\/media?parent=176482"}],"wp:term":[{"taxonomy":"category","embeddable":true,"href":"https:\/\/www.radioluna.it\/news\/wp-json\/wp\/v2\/categories?post=176482"},{"taxonomy":"post_tag","embeddable":true,"href":"https:\/\/www.radioluna.it\/news\/wp-json\/wp\/v2\/tags?post=176482"}],"curies":[{"name":"wp","href":"https:\/\/api.w.org\/{rel}","templated":true}]}}