{"id":176484,"date":"2016-04-11T09:40:30","date_gmt":"2016-04-11T07:40:30","guid":{"rendered":"http:\/\/www.radioluna.it\/news\/?p=176484"},"modified":"2016-04-11T09:41:36","modified_gmt":"2016-04-11T07:41:36","slug":"il-chirurgo-emilio-saralli-dal-goretti-a-cuori-italiani","status":"publish","type":"post","link":"https:\/\/www.radioluna.it\/news\/2016\/04\/il-chirurgo-emilio-saralli-dal-goretti-a-cuori-italiani\/","title":{"rendered":"Il chirurgo Emilio Saralli dal Goretti a Cuori Italiani"},"content":{"rendered":"<div id=\"fb-root\"><\/div>\n<p style=\"text-align: justify;\"><strong><a href=\"http:\/\/www.radioluna.it\/news\/wp-content\/uploads\/2016\/03\/calandrini-e-Tiero-2.jpg\"><img loading=\"lazy\" decoding=\"async\" class=\"aligncenter size-thumbnail wp-image-175575\" src=\"http:\/\/www.radioluna.it\/news\/wp-content\/uploads\/2016\/03\/calandrini-e-Tiero-2-689x458.jpg\" alt=\"calandrini e Tiero 2\" width=\"689\" height=\"458\" srcset=\"https:\/\/www.radioluna.it\/news\/wp-content\/uploads\/2016\/03\/calandrini-e-Tiero-2-689x458.jpg 689w, https:\/\/www.radioluna.it\/news\/wp-content\/uploads\/2016\/03\/calandrini-e-Tiero-2-768x511.jpg 768w, https:\/\/www.radioluna.it\/news\/wp-content\/uploads\/2016\/03\/calandrini-e-Tiero-2-500x333.jpg 500w, https:\/\/www.radioluna.it\/news\/wp-content\/uploads\/2016\/03\/calandrini-e-Tiero-2-600x400.jpg 600w, https:\/\/www.radioluna.it\/news\/wp-content\/uploads\/2016\/03\/calandrini-e-Tiero-2-300x200.jpg 300w, https:\/\/www.radioluna.it\/news\/wp-content\/uploads\/2016\/03\/calandrini-e-Tiero-2.jpg 800w\" sizes=\"auto, (max-width: 689px) 100vw, 689px\" \/><\/a>LATINA<\/strong> &#8211;\u00a0Il dottor Erminio Saralli, dirigente medico aiuto chirurgo del reparto di Chirurgia dell\u2019Ospedale Civile Santa Maria Goretti di Latina sar\u00e0 il capolista di Cuori Italiani. Si sta definendo il gruppo dei candidati della lista di Enrico Tiero che appogger\u00e0 la candidatura alla carica di sindaco di Nicola Calandrini. &#8220;Con l\u2019ingresso DI Erminio Saralli nella lista Enrico Tiero si definisce una strategia anche di carattere politico sul valore che ha la sanit\u00e0 nel programma elettorale in via di definizione del candidato sindaco Nicola Calandrini e nelle azioni amministrative di Cuori Italiani&#8221;, si legge in una nota del partito.<br \/>\n\u201cLa scelta di impegnarmi in prima persona \u2013 ha spiegato Erminio Saralli &#8211; risiede nella volont\u00e0 di dare maggiore qualit\u00e0 ai servizi ospedalieri e soprattutto maggiore qualit\u00e0 al rapporto tra i cittadini e il personale medico e paramedico. Decido di candidarmi nella consapevolezza che se da una parte il territorio e le persone chiedono maggiori ed efficienti servizi, come \u00e8 giusto che sia, dall\u2019altra bisogna valorizzare il ruolo di tutto il personale impegnato ogni giorno nella salvaguardia e tutela della salute delle persone. C\u2019\u00e8 bisogno inoltre a mio avviso di un impegno concreto anche della istituzione comune perch\u00e9 l\u2019ospedale civile e un patrimonio non solo della realt\u00e0 territoriale in cui insiste ma anche della intera provincia di Latina\u201d.<br \/>\nSoddisfazione \u00e8 stata espressa dal responsabile provinciale di Cuori Italiani, Enrico Tiero. \u201cLa squadra che stiamo mettendo in campo \u2013 ha spiegato Tiero \u2013 ha eccellenze in tutti in settori del territorio e puntare su un professionista del settore sanitario non pu\u00f2 che essere per noi motivo di vanto ed orgoglio. Una candidatura che nasce da un lungo confronto sulle tematiche sanitarie e sul predominante ruolo che dovr\u00e0 avere il nostro ospedale civile in tutta la provincia di Latina. Confronto che \u00e8 scaturito sulla comune volont\u00e0 di disegnare un ruolo importante per Erminio Saralli e per le istanze di cui \u00e8 portatore\u201d.<\/p>\n","protected":false},"excerpt":{"rendered":"<p>LATINA &#8211;\u00a0Il dottor Erminio Saralli, dirigente medico aiuto chirurgo del reparto di Chirurgia dell\u2019Ospedale Civile Santa Maria Goretti di Latina sar\u00e0 il capolista di Cuori Italiani. Si sta definendo il gruppo dei candidati della lista di Enrico Tiero che appogger\u00e0 la candidatura alla carica di sindaco di Nicola Calandrini. &#8220;Con l\u2019ingresso DI Erminio Saralli nella [&hellip;]<\/p>\n","protected":false},"author":60,"featured_media":175575,"comment_status":"open","ping_status":"closed","sticky":false,"template":"","format":"standard","meta":{"footnotes":""},"categories":[8],"tags":[],"class_list":["post-176484","post","type-post","status-publish","format-standard","has-post-thumbnail","hentry","category-politica"],"_links":{"self":[{"href":"https:\/\/www.radioluna.it\/news\/wp-json\/wp\/v2\/posts\/176484","targetHints":{"allow":["GET"]}}],"collection":[{"href":"https:\/\/www.radioluna.it\/news\/wp-json\/wp\/v2\/posts"}],"about":[{"href":"https:\/\/www.radioluna.it\/news\/wp-json\/wp\/v2\/types\/post"}],"author":[{"embeddable":true,"href":"https:\/\/www.radioluna.it\/news\/wp-json\/wp\/v2\/users\/60"}],"replies":[{"embeddable":true,"href":"https:\/\/www.radioluna.it\/news\/wp-json\/wp\/v2\/comments?post=176484"}],"version-history":[{"count":0,"href":"https:\/\/www.radioluna.it\/news\/wp-json\/wp\/v2\/posts\/176484\/revisions"}],"wp:featuredmedia":[{"embeddable":true,"href":"https:\/\/www.radioluna.it\/news\/wp-json\/wp\/v2\/media\/175575"}],"wp:attachment":[{"href":"https:\/\/www.radioluna.it\/news\/wp-json\/wp\/v2\/media?parent=176484"}],"wp:term":[{"taxonomy":"category","embeddable":true,"href":"https:\/\/www.radioluna.it\/news\/wp-json\/wp\/v2\/categories?post=176484"},{"taxonomy":"post_tag","embeddable":true,"href":"https:\/\/www.radioluna.it\/news\/wp-json\/wp\/v2\/tags?post=176484"}],"curies":[{"name":"wp","href":"https:\/\/api.w.org\/{rel}","templated":true}]}}