{"id":176502,"date":"2016-04-11T16:18:45","date_gmt":"2016-04-11T14:18:45","guid":{"rendered":"http:\/\/www.radioluna.it\/news\/?p=176502"},"modified":"2016-04-12T07:17:04","modified_gmt":"2016-04-12T05:17:04","slug":"roberto-berardi-capolista-di-forza-italia","status":"publish","type":"post","link":"https:\/\/www.radioluna.it\/news\/2016\/04\/roberto-berardi-capolista-di-forza-italia\/","title":{"rendered":"Roberto Berardi capolista di Forza Italia"},"content":{"rendered":"<div id=\"fb-root\"><\/div>\n<p style=\"text-align: justify;\"><strong><a href=\"http:\/\/www.radioluna.it\/news\/wp-content\/uploads\/2016\/04\/IMG-20160411-WA0003.jpg\"><img loading=\"lazy\" decoding=\"async\" class=\"aligncenter size-thumbnail wp-image-176503\" src=\"http:\/\/www.radioluna.it\/news\/wp-content\/uploads\/2016\/04\/IMG-20160411-WA0003-689x458.jpg\" alt=\"IMG-20160411-WA0003\" width=\"689\" height=\"458\" \/><\/a>LATINA &#8211;<\/strong>\u00a0Sar\u00e0 capolista per Forza Italia al fianco del candidato sindaco Alessandro Calvi, Roberto Berardi, l&#8217;imprenditore di Latina detenuto e torturato per oltre due anni nelle carceri della Guinea Equatoriale dopo una contesa con il figlio del dittatore locale. \u201cAl mio ritorno \u2013 ha detto nella conferenza stampa con cui ha ufficializzato la sua discesa in campo &#8211; Ho trovato una citt\u00e0 deteriorata, con cittadini depressi e uno stato di insicurezza generale. Il lavoro comincia da qui, metter\u00f2 al centro della mia campagna elettorale e del mio impegno politico, la parola moralit\u00e0\u201d. Addio dunque al progetto di Angelo Tripodi: \u201cNon mi ha convinto, ho circolato attraverso tutti i tavoli del centrodestra e poi ho fatto la mia scelta\u201d.<br \/>\n\u201cCi accomuna l&#8217;Africa prima ancora che la politica \u2013 ha sottolineato Alessandro Calvi \u2013 le nostre prime chiacchierate sono state sulla mia esperienza in Kenya e sulle sue in altri stati africani. Sono orgoglioso che ci abbia scelto\u201d, prosegue il candidato sindaco specificando quali saranno i punti focali di un futuro governo cittadino affidato a Forza Italia: servizi sociali potenziati per un citt\u00e0 solidale e pi\u00f9 ordine. \u201cCos\u00ec sono certo che potremo ottenere un effetto Finestra con 19 consiglieri eletti in consiglio comunale. Ai giovani di questa citt\u00e0 voglio anche dire che regaler\u00f2 una degna biblioteca comunale\u201d.<\/p>\n<p style=\"text-align: justify;\">Sar\u00e0 candidata in abbinamento con Berardi, la commerciante Daniela Gratinaro.<\/p>\n","protected":false},"excerpt":{"rendered":"<p>LATINA &#8211;\u00a0Sar\u00e0 capolista per Forza Italia al fianco del candidato sindaco Alessandro Calvi, Roberto Berardi, l&#8217;imprenditore di Latina detenuto e torturato per oltre due anni nelle carceri della Guinea Equatoriale dopo una contesa con il figlio del dittatore locale. \u201cAl mio ritorno \u2013 ha detto nella conferenza stampa con cui ha ufficializzato la sua discesa [&hellip;]<\/p>\n","protected":false},"author":62,"featured_media":0,"comment_status":"open","ping_status":"closed","sticky":false,"template":"","format":"standard","meta":{"footnotes":""},"categories":[8],"tags":[],"class_list":["post-176502","post","type-post","status-publish","format-standard","hentry","category-politica"],"_links":{"self":[{"href":"https:\/\/www.radioluna.it\/news\/wp-json\/wp\/v2\/posts\/176502","targetHints":{"allow":["GET"]}}],"collection":[{"href":"https:\/\/www.radioluna.it\/news\/wp-json\/wp\/v2\/posts"}],"about":[{"href":"https:\/\/www.radioluna.it\/news\/wp-json\/wp\/v2\/types\/post"}],"author":[{"embeddable":true,"href":"https:\/\/www.radioluna.it\/news\/wp-json\/wp\/v2\/users\/62"}],"replies":[{"embeddable":true,"href":"https:\/\/www.radioluna.it\/news\/wp-json\/wp\/v2\/comments?post=176502"}],"version-history":[{"count":0,"href":"https:\/\/www.radioluna.it\/news\/wp-json\/wp\/v2\/posts\/176502\/revisions"}],"wp:attachment":[{"href":"https:\/\/www.radioluna.it\/news\/wp-json\/wp\/v2\/media?parent=176502"}],"wp:term":[{"taxonomy":"category","embeddable":true,"href":"https:\/\/www.radioluna.it\/news\/wp-json\/wp\/v2\/categories?post=176502"},{"taxonomy":"post_tag","embeddable":true,"href":"https:\/\/www.radioluna.it\/news\/wp-json\/wp\/v2\/tags?post=176502"}],"curies":[{"name":"wp","href":"https:\/\/api.w.org\/{rel}","templated":true}]}}