{"id":176583,"date":"2016-04-12T18:37:05","date_gmt":"2016-04-12T16:37:05","guid":{"rendered":"http:\/\/www.radioluna.it\/news\/?p=176583"},"modified":"2016-04-12T18:37:05","modified_gmt":"2016-04-12T16:37:05","slug":"calandrini-incontra-gli-operatori-della-zona-dei-pub","status":"publish","type":"post","link":"https:\/\/www.radioluna.it\/news\/2016\/04\/calandrini-incontra-gli-operatori-della-zona-dei-pub\/","title":{"rendered":"Calandrini incontra gli operatori della zona dei pub"},"content":{"rendered":"<div id=\"fb-root\"><\/div>\n<p>&nbsp;<\/p>\n<p style=\"text-align: justify;\"><strong><a href=\"http:\/\/www.radioluna.it\/news\/wp-content\/uploads\/2016\/04\/calandrini-pub-2.jpg\"><img loading=\"lazy\" decoding=\"async\" class=\"aligncenter size-full wp-image-176584\" src=\"http:\/\/www.radioluna.it\/news\/wp-content\/uploads\/2016\/04\/calandrini-pub-2.jpg\" alt=\"calandrini pub 2\" width=\"615\" height=\"346\" \/><\/a>LATINA<\/strong> &#8211; Il candidato sindaco del centrodestra di Latina, Nicola Calandrini, \u00e8 intervenuto in uno dei locali della zona dei pub di Latina per incontrare alcuni operatori e fare con loro il punto della situazione su uno degli angoli pi\u00f9 frequentati e allo stesso pi\u00f9 discussi della citt\u00e0. \u201cAi tanti giovani interlocutori presenti \u2013 ha dichiarato Calandrini &#8211; ho ribadito la mia volont\u00e0 di garantire una maggiore sicurezza del posto implementando la videosorveglianza e migliorando l\u2019illuminazione: l\u2019impianto esiste gi\u00e0, i costi sono accessibili; se sar\u00f2 eletto sindaco,\u00a0\u00a0l\u2019intervento sar\u00e0 inserito nella lista delle cose da fare entro i primi cento giorni di amministrazione\u201d. Calandrini ha ascoltato esigenze e richieste degli operatori mostrando piena disponibilit\u00e0 verso una serie di scelte condivise, come l\u2019isola pedonale da istituire nel fine settimana e la possibilit\u00e0 di ampliare gli spazi commerciali su strada: \u201cSar\u00e0 fondamentale una sinergia tra Comune e operatori, ogni mossa andr\u00e0 concordata nel segno della massima trasparenza e dedicando sempre grande attenzione nei confronti dei residenti \u201d.\u00a0\u00a0All\u2019incontro, tenutosi alla presenza di Patrizia e Andrea Fanti, seguir\u00e0 presto un\u2019ulteriore occasione di approfondimento con i gestori dei pub e dei negozi della zona.<\/p>\n<p>&nbsp;<\/p>\n","protected":false},"excerpt":{"rendered":"<p>&nbsp; LATINA &#8211; Il candidato sindaco del centrodestra di Latina, Nicola Calandrini, \u00e8 intervenuto in uno dei locali della zona dei pub di Latina per incontrare alcuni operatori e fare con loro il punto della situazione su uno degli angoli pi\u00f9 frequentati e allo stesso pi\u00f9 discussi della citt\u00e0. \u201cAi tanti giovani interlocutori presenti \u2013 [&hellip;]<\/p>\n","protected":false},"author":60,"featured_media":0,"comment_status":"open","ping_status":"closed","sticky":false,"template":"","format":"standard","meta":{"footnotes":""},"categories":[8],"tags":[],"class_list":["post-176583","post","type-post","status-publish","format-standard","hentry","category-politica"],"_links":{"self":[{"href":"https:\/\/www.radioluna.it\/news\/wp-json\/wp\/v2\/posts\/176583","targetHints":{"allow":["GET"]}}],"collection":[{"href":"https:\/\/www.radioluna.it\/news\/wp-json\/wp\/v2\/posts"}],"about":[{"href":"https:\/\/www.radioluna.it\/news\/wp-json\/wp\/v2\/types\/post"}],"author":[{"embeddable":true,"href":"https:\/\/www.radioluna.it\/news\/wp-json\/wp\/v2\/users\/60"}],"replies":[{"embeddable":true,"href":"https:\/\/www.radioluna.it\/news\/wp-json\/wp\/v2\/comments?post=176583"}],"version-history":[{"count":0,"href":"https:\/\/www.radioluna.it\/news\/wp-json\/wp\/v2\/posts\/176583\/revisions"}],"wp:attachment":[{"href":"https:\/\/www.radioluna.it\/news\/wp-json\/wp\/v2\/media?parent=176583"}],"wp:term":[{"taxonomy":"category","embeddable":true,"href":"https:\/\/www.radioluna.it\/news\/wp-json\/wp\/v2\/categories?post=176583"},{"taxonomy":"post_tag","embeddable":true,"href":"https:\/\/www.radioluna.it\/news\/wp-json\/wp\/v2\/tags?post=176583"}],"curies":[{"name":"wp","href":"https:\/\/api.w.org\/{rel}","templated":true}]}}