{"id":176586,"date":"2016-04-12T18:42:53","date_gmt":"2016-04-12T16:42:53","guid":{"rendered":"http:\/\/www.radioluna.it\/news\/?p=176586"},"modified":"2016-04-12T18:42:53","modified_gmt":"2016-04-12T16:42:53","slug":"enrico-forte-visita-il-mercato-settimanale-a-latina","status":"publish","type":"post","link":"https:\/\/www.radioluna.it\/news\/2016\/04\/enrico-forte-visita-il-mercato-settimanale-a-latina\/","title":{"rendered":"Enrico Forte visita il mercato settimanale a Latina"},"content":{"rendered":"<div id=\"fb-root\"><\/div>\n<p><strong><a href=\"http:\/\/www.radioluna.it\/news\/wp-content\/uploads\/2016\/04\/mercato.jpg\"><img loading=\"lazy\" decoding=\"async\" class=\"aligncenter size-thumbnail wp-image-176587\" src=\"http:\/\/www.radioluna.it\/news\/wp-content\/uploads\/2016\/04\/mercato-689x517.jpg\" alt=\"mercato\" width=\"689\" height=\"517\" \/><\/a>LATINA<\/strong> &#8211; Enrico Forte ha vistato questa mattina l&#8217;area del mercato in via Rossetti a Latina.<\/p>\n<p style=\"text-align: justify;\">&#8220;Questa mattina insieme ai candidati della lista che mi sostiene, ho voluto compiere un\u2019altra tappa del &#8216;viaggio di Latina&#8217; presso l\u2019area del mercato settimanale. Con Giovanni Malinconico, Andrea Tiberi, Ornella Mastrantoni e Massimo Bortoletto abbiamo avuto un confronto con tanti cittadini e operatori.\u00a0Credo che l\u2019area del mercato rappresenti una grande opportunit\u00e0 per Latina, ma sino ad oggi non \u00e8 stata sfruttata ed \u00e8 anzi un luogo in cui il degrado \u00e8 aumentato in maniera esponenziale negli ultimi anni.\u00a0La nostra idea, per sfruttarne il potenziale economico e per renderla un vero punto di riferimento non solo nei giorni di marcato, \u00e8 quella di realizzare uno studio di fattibilit\u00e0 per svilupparne la vocazione commerciale, a servizi e ricreativo-sportiva. Esistono degli immobili abbandonati ( il bar, la casa del custode e l\u2019edificio adiacente alla polizia municipale) che potremmo riutilizzare senza prevedere aumenti di cubatura, nell\u2019ottica della politica di limitazione del consumo di suolo che caratterizzer\u00e0 l\u2019azione amministrativa del Comune dopo le prossime elezioni.\u00a0Il rilancio dell\u2019area, con il ripristino dei servizi essenziali, rappresenta una priorit\u00e0 che va incontro alle necessit\u00e0 di utenti ed operatori del pi\u00f9 grande mercato della provincia, cos\u00ec come dei residenti del quartiere.\u00a0Altra esigenza emersa \u00e8 quella della sicurezza: oggi gli immobili abbandonati sono occupati da persone che li usano come giacigli di fortuna. Presenze che andrebbero monitorate per evitare di incrementare disagio e incuria. A tal proposito ho deciso di interessare il Questore, il Prefetto ed il commissario prefettizio di Latina chiedendo un incontro urgente. L\u2019obiettivo \u00e8 chiedere un intervento delle forze dell\u2019ordine per ristabilire decoro e legalit\u00e0.&#8221;<\/p>\n","protected":false},"excerpt":{"rendered":"<p>LATINA &#8211; Enrico Forte ha vistato questa mattina l&#8217;area del mercato in via Rossetti a Latina. &#8220;Questa mattina insieme ai candidati della lista che mi sostiene, ho voluto compiere un\u2019altra tappa del &#8216;viaggio di Latina&#8217; presso l\u2019area del mercato settimanale. Con Giovanni Malinconico, Andrea Tiberi, Ornella Mastrantoni e Massimo Bortoletto abbiamo avuto un confronto con [&hellip;]<\/p>\n","protected":false},"author":60,"featured_media":0,"comment_status":"open","ping_status":"closed","sticky":false,"template":"","format":"standard","meta":{"footnotes":""},"categories":[8],"tags":[],"class_list":["post-176586","post","type-post","status-publish","format-standard","hentry","category-politica"],"_links":{"self":[{"href":"https:\/\/www.radioluna.it\/news\/wp-json\/wp\/v2\/posts\/176586","targetHints":{"allow":["GET"]}}],"collection":[{"href":"https:\/\/www.radioluna.it\/news\/wp-json\/wp\/v2\/posts"}],"about":[{"href":"https:\/\/www.radioluna.it\/news\/wp-json\/wp\/v2\/types\/post"}],"author":[{"embeddable":true,"href":"https:\/\/www.radioluna.it\/news\/wp-json\/wp\/v2\/users\/60"}],"replies":[{"embeddable":true,"href":"https:\/\/www.radioluna.it\/news\/wp-json\/wp\/v2\/comments?post=176586"}],"version-history":[{"count":0,"href":"https:\/\/www.radioluna.it\/news\/wp-json\/wp\/v2\/posts\/176586\/revisions"}],"wp:attachment":[{"href":"https:\/\/www.radioluna.it\/news\/wp-json\/wp\/v2\/media?parent=176586"}],"wp:term":[{"taxonomy":"category","embeddable":true,"href":"https:\/\/www.radioluna.it\/news\/wp-json\/wp\/v2\/categories?post=176586"},{"taxonomy":"post_tag","embeddable":true,"href":"https:\/\/www.radioluna.it\/news\/wp-json\/wp\/v2\/tags?post=176586"}],"curies":[{"name":"wp","href":"https:\/\/api.w.org\/{rel}","templated":true}]}}