{"id":176667,"date":"2016-04-14T15:11:37","date_gmt":"2016-04-14T13:11:37","guid":{"rendered":"http:\/\/www.radioluna.it\/news\/?p=176667"},"modified":"2016-04-14T15:11:37","modified_gmt":"2016-04-14T13:11:37","slug":"criterium-giovanile-largo-ai-piccoli-pugili","status":"publish","type":"post","link":"https:\/\/www.radioluna.it\/news\/2016\/04\/criterium-giovanile-largo-ai-piccoli-pugili\/","title":{"rendered":"Criterium Giovanile, largo ai piccoli pugili"},"content":{"rendered":"<div id=\"fb-root\"><\/div>\n<p style=\"text-align: justify;\"><strong><a href=\"http:\/\/www.radioluna.it\/news\/wp-content\/uploads\/2016\/04\/I-piccoli-della-Boxe-Latina.jpg\"><img loading=\"lazy\" decoding=\"async\" class=\"aligncenter size-thumbnail wp-image-176668\" src=\"http:\/\/www.radioluna.it\/news\/wp-content\/uploads\/2016\/04\/I-piccoli-della-Boxe-Latina-689x459.jpg\" alt=\"I piccoli della Boxe Latina\" width=\"689\" height=\"459\" srcset=\"https:\/\/www.radioluna.it\/news\/wp-content\/uploads\/2016\/04\/I-piccoli-della-Boxe-Latina-689x459.jpg 689w, https:\/\/www.radioluna.it\/news\/wp-content\/uploads\/2016\/04\/I-piccoli-della-Boxe-Latina-768x511.jpg 768w, https:\/\/www.radioluna.it\/news\/wp-content\/uploads\/2016\/04\/I-piccoli-della-Boxe-Latina-500x333.jpg 500w, https:\/\/www.radioluna.it\/news\/wp-content\/uploads\/2016\/04\/I-piccoli-della-Boxe-Latina-600x400.jpg 600w, https:\/\/www.radioluna.it\/news\/wp-content\/uploads\/2016\/04\/I-piccoli-della-Boxe-Latina-300x200.jpg 300w, https:\/\/www.radioluna.it\/news\/wp-content\/uploads\/2016\/04\/I-piccoli-della-Boxe-Latina-1024x682.jpg 1024w, https:\/\/www.radioluna.it\/news\/wp-content\/uploads\/2016\/04\/I-piccoli-della-Boxe-Latina-800x533.jpg 800w, https:\/\/www.radioluna.it\/news\/wp-content\/uploads\/2016\/04\/I-piccoli-della-Boxe-Latina.jpg 1000w\" sizes=\"auto, (max-width: 689px) 100vw, 689px\" \/><\/a>LATINA<\/strong> &#8211;\u00a0Piccoli pugili crescono. E stavolta al Palaboxe \u201cCitt\u00e0 di Latina\u201d l\u2019attenzione sar\u00e0 esclusivamente per loro in occasione del Criterium Regionale Giovanile, che si terr\u00e0 in via Aspromonte il prossimo 30 aprile. Evento organizzato dalla Asd Boxe Latina insieme alla Federazione Pugilistica Italiana. Vetrina per incentivare il movimento partendo dai \u201cprimi guanti\u201d. Porte aperte per tutti gli aspiranti pugili provenienti dalle palestre del Comitato Lazio.<\/p>\n<p style=\"text-align: justify;\">Il programma rispetta l\u2019ordine di et\u00e0 e di conseguenza delle attitudini sviluppate in palestra e sul ring. Si parte dalla categoria Cuccioli (5-6-7 anni) con prove individuali di coordinamento motorio e abilit\u00e0 tecnico-tattiche. Alla categoria Cangurini (atleti 8-9 anni) si richiedono prove individuali simili a quelle dei cuccioli, anche se leggermente pi\u00f9 impegnative. Nella categoria Canguri (atleti di 10-11 anni) prove a coppie di abilit\u00e0 tecnico-tattica; stesso discorso pi\u00f9 accentuato nella categoria Allievi (atleti di 12-13 anni). Pi\u00f9 nel dettaglio il programma prevede dalle 15 l\u2019arrivo dei pugili e societ\u00e0 di appartenenza; alle 15.30 procedure di accettazione; inizio ufficiale alle 16.<\/p>\n<p style=\"text-align: justify;\">Tutti gli atleti partecipanti saranno premiati al termine della giornata ed alcuni di loro, i pi\u00f9 bravi (concetto relativo in queste categorie) prenderanno parte al Criterium Nazionale che si svolger\u00e0 successivamente a Rimini. Citt\u00e0 nella quale dal 2 al 5 giugno si terr\u00e0 il Campionato Italiano di Gym Boxe, dove la Boxe Competition far\u00e0 la sua parte. E cercher\u00e0 di farla anche la Boxe Latina, che con alcuni dei suoi atleti sar\u00e0 presente alle selezioni regionali del prossimo 25 aprile, organizzate dalla Gladiators nell\u2019ambito del Torneo Hurrican. Sui due ring allestiti nell\u2019arena della Stazione della Birra (Via Placanica 172, Morena \u2013 Roma), si combatte dalle 15. Formula ad eliminazione diretta, sulla distanza di due riprese da 1\u201930\u2019\u2019 ed intervallo da 1\u2019. Categorie di peso dai -50 kg ai + 90. Il regolamento prevede il contatto controllato, quindi gli amatori devono aver sostenuto la visita medico sportiva di tipo B.<\/p>\n","protected":false},"excerpt":{"rendered":"<p>LATINA &#8211;\u00a0Piccoli pugili crescono. E stavolta al Palaboxe \u201cCitt\u00e0 di Latina\u201d l\u2019attenzione sar\u00e0 esclusivamente per loro in occasione del Criterium Regionale Giovanile, che si terr\u00e0 in via Aspromonte il prossimo 30 aprile. Evento organizzato dalla Asd Boxe Latina insieme alla Federazione Pugilistica Italiana. Vetrina per incentivare il movimento partendo dai \u201cprimi guanti\u201d. Porte aperte per [&hellip;]<\/p>\n","protected":false},"author":62,"featured_media":176668,"comment_status":"open","ping_status":"closed","sticky":false,"template":"","format":"standard","meta":{"footnotes":""},"categories":[17],"tags":[],"class_list":["post-176667","post","type-post","status-publish","format-standard","has-post-thumbnail","hentry","category-sport"],"_links":{"self":[{"href":"https:\/\/www.radioluna.it\/news\/wp-json\/wp\/v2\/posts\/176667","targetHints":{"allow":["GET"]}}],"collection":[{"href":"https:\/\/www.radioluna.it\/news\/wp-json\/wp\/v2\/posts"}],"about":[{"href":"https:\/\/www.radioluna.it\/news\/wp-json\/wp\/v2\/types\/post"}],"author":[{"embeddable":true,"href":"https:\/\/www.radioluna.it\/news\/wp-json\/wp\/v2\/users\/62"}],"replies":[{"embeddable":true,"href":"https:\/\/www.radioluna.it\/news\/wp-json\/wp\/v2\/comments?post=176667"}],"version-history":[{"count":0,"href":"https:\/\/www.radioluna.it\/news\/wp-json\/wp\/v2\/posts\/176667\/revisions"}],"wp:featuredmedia":[{"embeddable":true,"href":"https:\/\/www.radioluna.it\/news\/wp-json\/wp\/v2\/media\/176668"}],"wp:attachment":[{"href":"https:\/\/www.radioluna.it\/news\/wp-json\/wp\/v2\/media?parent=176667"}],"wp:term":[{"taxonomy":"category","embeddable":true,"href":"https:\/\/www.radioluna.it\/news\/wp-json\/wp\/v2\/categories?post=176667"},{"taxonomy":"post_tag","embeddable":true,"href":"https:\/\/www.radioluna.it\/news\/wp-json\/wp\/v2\/tags?post=176667"}],"curies":[{"name":"wp","href":"https:\/\/api.w.org\/{rel}","templated":true}]}}