{"id":176673,"date":"2016-04-14T16:47:12","date_gmt":"2016-04-14T14:47:12","guid":{"rendered":"http:\/\/www.radioluna.it\/news\/?p=176673"},"modified":"2016-04-14T16:47:12","modified_gmt":"2016-04-14T14:47:12","slug":"terzo-settore-incontro-tra-calandrini-tripodi-e-chiarato","status":"publish","type":"post","link":"https:\/\/www.radioluna.it\/news\/2016\/04\/terzo-settore-incontro-tra-calandrini-tripodi-e-chiarato\/","title":{"rendered":"Terzo settore, incontro tra Calandrini, Tripodi e Chiarato"},"content":{"rendered":"<div id=\"fb-root\"><\/div>\n<p style=\"text-align: justify;\"><strong><a href=\"http:\/\/www.radioluna.it\/news\/wp-content\/uploads\/2014\/04\/Elezioni-Comunali-2014.png\"><img loading=\"lazy\" decoding=\"async\" class=\"aligncenter size-full wp-image-149725\" src=\"http:\/\/www.radioluna.it\/news\/wp-content\/uploads\/2014\/04\/Elezioni-Comunali-2014.png\" alt=\"Elezioni-Comunali-2014\" width=\"593\" height=\"341\" srcset=\"https:\/\/www.radioluna.it\/news\/wp-content\/uploads\/2014\/04\/Elezioni-Comunali-2014.png 593w, https:\/\/www.radioluna.it\/news\/wp-content\/uploads\/2014\/04\/Elezioni-Comunali-2014-300x173.png 300w, https:\/\/www.radioluna.it\/news\/wp-content\/uploads\/2014\/04\/Elezioni-Comunali-2014-500x288.png 500w\" sizes=\"auto, (max-width: 593px) 100vw, 593px\" \/><\/a>LATINA<\/strong> &#8211; I candidati alla carica di Sindaco del Comune di Latina Calandrini, Tripodi e Chiarato dopo avere condiviso i valori indicati\u00a0 dal Forum 85\u00a0 ed in particolare alla necessit\u00e0 di politiche adeguate a sostegno della famiglia considerata come il pilastro della societ\u00e0, all\u2019importanza di dotarsi di un codice etico che garantisca trasparenza e pari opportunit\u00e0 ad ogni cittadino nella considerazione che la collegialit\u00e0 \u00e8 lo spartiacque di una buona amministrazione,\u00a0al rispetto profondo della cultura e\u00a0 della storia della citt\u00e0 con particolare attenzione alle politiche ambientali ed agricole intese come uno dei volani in grado di produrre nuovo lavoro per tutti, alla primaria attenzione alle politiche verso il sociale , compreso il ricorso alla sussidiariet\u00e0 verso tutto il \u201cTerzo Settore\u201d,\u00a0hanno comunemente convenuto di condividere pubblicamente questo tavolo di confronto anche per evitare qualsiasi interpretazione diversa.<br \/>\nL\u2019incontro\u00a0 si terr\u00e0 il prossimo marted\u00ec 19 alle ore 20 presso il Victoria Residence Palace, in Via Rossetti 24 a Latina.\u00a0E\u2019 prevista l\u2019introduzione e la moderazione del Dott. Nicola Tavoletta come garante di tutte le posizioni che verranno espresse dai candidati, proprio nel nome della massima trasparenza<\/p>\n","protected":false},"excerpt":{"rendered":"<p>LATINA &#8211; I candidati alla carica di Sindaco del Comune di Latina Calandrini, Tripodi e Chiarato dopo avere condiviso i valori indicati\u00a0 dal Forum 85\u00a0 ed in particolare alla necessit\u00e0 di politiche adeguate a sostegno della famiglia considerata come il pilastro della societ\u00e0, all\u2019importanza di dotarsi di un codice etico che garantisca trasparenza e pari [&hellip;]<\/p>\n","protected":false},"author":60,"featured_media":149725,"comment_status":"open","ping_status":"closed","sticky":false,"template":"","format":"standard","meta":{"footnotes":""},"categories":[8],"tags":[],"class_list":["post-176673","post","type-post","status-publish","format-standard","has-post-thumbnail","hentry","category-politica"],"_links":{"self":[{"href":"https:\/\/www.radioluna.it\/news\/wp-json\/wp\/v2\/posts\/176673","targetHints":{"allow":["GET"]}}],"collection":[{"href":"https:\/\/www.radioluna.it\/news\/wp-json\/wp\/v2\/posts"}],"about":[{"href":"https:\/\/www.radioluna.it\/news\/wp-json\/wp\/v2\/types\/post"}],"author":[{"embeddable":true,"href":"https:\/\/www.radioluna.it\/news\/wp-json\/wp\/v2\/users\/60"}],"replies":[{"embeddable":true,"href":"https:\/\/www.radioluna.it\/news\/wp-json\/wp\/v2\/comments?post=176673"}],"version-history":[{"count":0,"href":"https:\/\/www.radioluna.it\/news\/wp-json\/wp\/v2\/posts\/176673\/revisions"}],"wp:featuredmedia":[{"embeddable":true,"href":"https:\/\/www.radioluna.it\/news\/wp-json\/wp\/v2\/media\/149725"}],"wp:attachment":[{"href":"https:\/\/www.radioluna.it\/news\/wp-json\/wp\/v2\/media?parent=176673"}],"wp:term":[{"taxonomy":"category","embeddable":true,"href":"https:\/\/www.radioluna.it\/news\/wp-json\/wp\/v2\/categories?post=176673"},{"taxonomy":"post_tag","embeddable":true,"href":"https:\/\/www.radioluna.it\/news\/wp-json\/wp\/v2\/tags?post=176673"}],"curies":[{"name":"wp","href":"https:\/\/api.w.org\/{rel}","templated":true}]}}