{"id":176700,"date":"2016-04-15T10:11:59","date_gmt":"2016-04-15T08:11:59","guid":{"rendered":"http:\/\/www.radioluna.it\/news\/?p=176700"},"modified":"2016-04-15T10:12:23","modified_gmt":"2016-04-15T08:12:23","slug":"di-cocco-puntare-sullo-sport-per-riqualificare-il-mare","status":"publish","type":"post","link":"https:\/\/www.radioluna.it\/news\/2016\/04\/di-cocco-puntare-sullo-sport-per-riqualificare-il-mare\/","title":{"rendered":"Di Cocco: &#8220;Puntare sullo sport per riqualificare il mare&#8221;"},"content":{"rendered":"<div id=\"fb-root\"><\/div>\n<div id=\"attachment_155627\" style=\"width: 645px\" class=\"wp-caption aligncenter\"><a href=\"http:\/\/www.radioluna.it\/news\/wp-content\/uploads\/2014\/09\/GIANLUCA-DI-COCCO.jpg\"><img loading=\"lazy\" decoding=\"async\" aria-describedby=\"caption-attachment-155627\" class=\"size-thumbnail wp-image-155627\" src=\"http:\/\/www.radioluna.it\/news\/wp-content\/uploads\/2014\/09\/GIANLUCA-DI-COCCO-635x846.jpg\" alt=\"Gianluca Di Cocco\" width=\"635\" height=\"846\" srcset=\"https:\/\/www.radioluna.it\/news\/wp-content\/uploads\/2014\/09\/GIANLUCA-DI-COCCO-635x846.jpg 635w, https:\/\/www.radioluna.it\/news\/wp-content\/uploads\/2014\/09\/GIANLUCA-DI-COCCO-768x1024.jpg 768w, https:\/\/www.radioluna.it\/news\/wp-content\/uploads\/2014\/09\/GIANLUCA-DI-COCCO-500x667.jpg 500w, https:\/\/www.radioluna.it\/news\/wp-content\/uploads\/2014\/09\/GIANLUCA-DI-COCCO-225x300.jpg 225w, https:\/\/www.radioluna.it\/news\/wp-content\/uploads\/2014\/09\/GIANLUCA-DI-COCCO-800x1066.jpg 800w, https:\/\/www.radioluna.it\/news\/wp-content\/uploads\/2014\/09\/GIANLUCA-DI-COCCO.jpg 1000w\" sizes=\"auto, (max-width: 635px) 100vw, 635px\" \/><\/a><p id=\"caption-attachment-155627\" class=\"wp-caption-text\">Gianluca Di Cocco<\/p><\/div>\n<p style=\"text-align: justify;\"><strong>LATINA<\/strong> &#8211; Gianluca Di Cocco\u00a0trova sia opportuno puntare a rivalutare le attivit\u00e0 sportive che\u00a0hanno come punto di riferimento proprio il mare. La prima tra queste \u00e8 l&#8217;attivit\u00e0 di vela, sport che richiama non solo sportivi ma anche turisti e che riguarda l&#8217;intero litorale pontino. Attualmente non \u00e8 valorizzata, a danno solamente dell&#8217;economia pontina. \u00ab\u00c8 proprio su tutti quegli elementi che permettono di realizzare attivit\u00e0 in maniera eccellente \u2013 spiega Di Cocco &#8211; che Latina deve puntare. La nostra citt\u00e0 potrebbe diventare un punto di riferimento e attrazione per centinaia di appassionati se solo venisse data la giusta rilevanza ai professionisti sportivi. Si potrebbe iniziare proprio dall&#8217;attivit\u00e0 di vela, conosciuta come attivit\u00e0 di svago e divertimento ma che \u00e8 anche un modo per stare insieme e riscoprire i valori di collaborazione. Oltre al turismo, potrebbe portare posti di lavoro:si pensi alla realizzazione delle barche a vela, dei viaggi, della riparazione, dell&#8217;apprendimento delle tecniche. Per dare il giusto rilievo allo sport, si potrebbe fare riferimento alla Lega Navale, ente nazionale che pu\u00f2 portare allo sviluppo sul territorio. \u00c8 questa la via che deve intraprendere la nostra citt\u00e0 per risorgere. La vela \u00e8 solo uno dei tanti settori da valorizzare per avere un ritorno economico, turistico e ambientale a vantaggio solamente dei cittadini\u00bb.<\/p>\n","protected":false},"excerpt":{"rendered":"<p>LATINA &#8211; Gianluca Di Cocco\u00a0trova sia opportuno puntare a rivalutare le attivit\u00e0 sportive che\u00a0hanno come punto di riferimento proprio il mare. La prima tra queste \u00e8 l&#8217;attivit\u00e0 di vela, sport che richiama non solo sportivi ma anche turisti e che riguarda l&#8217;intero litorale pontino. Attualmente non \u00e8 valorizzata, a danno solamente dell&#8217;economia pontina. \u00ab\u00c8 proprio [&hellip;]<\/p>\n","protected":false},"author":60,"featured_media":155627,"comment_status":"open","ping_status":"closed","sticky":false,"template":"","format":"standard","meta":{"footnotes":""},"categories":[8],"tags":[],"class_list":["post-176700","post","type-post","status-publish","format-standard","has-post-thumbnail","hentry","category-politica"],"_links":{"self":[{"href":"https:\/\/www.radioluna.it\/news\/wp-json\/wp\/v2\/posts\/176700","targetHints":{"allow":["GET"]}}],"collection":[{"href":"https:\/\/www.radioluna.it\/news\/wp-json\/wp\/v2\/posts"}],"about":[{"href":"https:\/\/www.radioluna.it\/news\/wp-json\/wp\/v2\/types\/post"}],"author":[{"embeddable":true,"href":"https:\/\/www.radioluna.it\/news\/wp-json\/wp\/v2\/users\/60"}],"replies":[{"embeddable":true,"href":"https:\/\/www.radioluna.it\/news\/wp-json\/wp\/v2\/comments?post=176700"}],"version-history":[{"count":0,"href":"https:\/\/www.radioluna.it\/news\/wp-json\/wp\/v2\/posts\/176700\/revisions"}],"wp:featuredmedia":[{"embeddable":true,"href":"https:\/\/www.radioluna.it\/news\/wp-json\/wp\/v2\/media\/155627"}],"wp:attachment":[{"href":"https:\/\/www.radioluna.it\/news\/wp-json\/wp\/v2\/media?parent=176700"}],"wp:term":[{"taxonomy":"category","embeddable":true,"href":"https:\/\/www.radioluna.it\/news\/wp-json\/wp\/v2\/categories?post=176700"},{"taxonomy":"post_tag","embeddable":true,"href":"https:\/\/www.radioluna.it\/news\/wp-json\/wp\/v2\/tags?post=176700"}],"curies":[{"name":"wp","href":"https:\/\/api.w.org\/{rel}","templated":true}]}}