{"id":176788,"date":"2016-04-18T07:44:57","date_gmt":"2016-04-18T05:44:57","guid":{"rendered":"http:\/\/www.radioluna.it\/news\/?p=176788"},"modified":"2016-04-18T09:10:24","modified_gmt":"2016-04-18T07:10:24","slug":"referendum-la-provincia-di-latina-resta-sotto-la-media-nazionale-277","status":"publish","type":"post","link":"https:\/\/www.radioluna.it\/news\/2016\/04\/referendum-la-provincia-di-latina-resta-sotto-la-media-nazionale-277\/","title":{"rendered":"Referendum, la provincia di Latina resta sotto la media nazionale: 27,7%"},"content":{"rendered":"<div id=\"fb-root\"><\/div>\n<p>&nbsp;<\/p>\n<p><a href=\"http:\/\/www.radioluna.it\/news\/wp-content\/uploads\/2016\/04\/Trivelle.jpg\"><img loading=\"lazy\" decoding=\"async\" class=\"aligncenter size-thumbnail wp-image-176784\" src=\"http:\/\/www.radioluna.it\/news\/wp-content\/uploads\/2016\/04\/Trivelle-689x345.jpg\" alt=\"Trivelle\" width=\"689\" height=\"345\" srcset=\"https:\/\/www.radioluna.it\/news\/wp-content\/uploads\/2016\/04\/Trivelle-689x345.jpg 689w, https:\/\/www.radioluna.it\/news\/wp-content\/uploads\/2016\/04\/Trivelle-768x384.jpg 768w, https:\/\/www.radioluna.it\/news\/wp-content\/uploads\/2016\/04\/Trivelle-500x250.jpg 500w, https:\/\/www.radioluna.it\/news\/wp-content\/uploads\/2016\/04\/Trivelle-300x150.jpg 300w, https:\/\/www.radioluna.it\/news\/wp-content\/uploads\/2016\/04\/Trivelle-1024x512.jpg 1024w, https:\/\/www.radioluna.it\/news\/wp-content\/uploads\/2016\/04\/Trivelle-800x400.jpg 800w, https:\/\/www.radioluna.it\/news\/wp-content\/uploads\/2016\/04\/Trivelle.jpg 1000w\" sizes=\"auto, (max-width: 689px) 100vw, 689px\" \/><\/a><\/p>\n<p style=\"text-align: justify;\"><strong>LATINA<\/strong> &#8211;\u00a0Il Referendum \u00e8 stato un fallimento sotto il profilo della partecipazione dei cittadini. In provincia di Latina anche pi\u00f9 che altrove visto che l&#8217;affluenza nazionale \u00e8 stata del 32, 15% (dato definitivo del Ministero dell&#8217;Interno), mentre quella registrata nei 33 comuni pontini si \u00e8 fermata al 27,3%.<\/p>\n<p style=\"text-align: justify;\">Alle urne alle 12 aveva votato solo il 7,3% degli aventi diritto, sotto la media nazionale anche la rilevazione delle 19 quando aveva votato il 19,9% contro il 23,48% nazionale. I dati arrivati dai Comuni raccontano che \u00e8 Aprilia quello in cui i cittadini hanno sentito pi\u00f9 forte il dovere di esercitare il diritto al voto con il 34,1% sopra la media nazionale. A Latina ha votato il 30,4%, tra i comuni pi\u00f9 grandi a Cisterna ha votato il 27%, record negativo a Sonnino con il 14%.<\/p>\n<p style=\"text-align: justify;\">Il s\u00ec ha vinto ovunque superando l&#8217;85%. Nel Lazio\u00a0ha votato il 32,01 degli aventi diritto di questi l&#8217;88,20% si \u00e8 espresso per il si<\/p>\n<div id=\"attachment_176804\" style=\"width: 699px\" class=\"wp-caption aligncenter\"><a href=\"http:\/\/www.radioluna.it\/news\/wp-content\/uploads\/2016\/04\/referendum-Trivelle-comune-per-comune.png\"><img loading=\"lazy\" decoding=\"async\" aria-describedby=\"caption-attachment-176804\" class=\"size-thumbnail wp-image-176804\" src=\"http:\/\/www.radioluna.it\/news\/wp-content\/uploads\/2016\/04\/referendum-Trivelle-comune-per-comune-689x531.png\" alt=\"I dati dell'affluenza comune per comune\" width=\"689\" height=\"531\" srcset=\"https:\/\/www.radioluna.it\/news\/wp-content\/uploads\/2016\/04\/referendum-Trivelle-comune-per-comune-689x531.png 689w, https:\/\/www.radioluna.it\/news\/wp-content\/uploads\/2016\/04\/referendum-Trivelle-comune-per-comune-768x591.png 768w, https:\/\/www.radioluna.it\/news\/wp-content\/uploads\/2016\/04\/referendum-Trivelle-comune-per-comune-500x385.png 500w, https:\/\/www.radioluna.it\/news\/wp-content\/uploads\/2016\/04\/referendum-Trivelle-comune-per-comune-300x231.png 300w, https:\/\/www.radioluna.it\/news\/wp-content\/uploads\/2016\/04\/referendum-Trivelle-comune-per-comune-800x616.png 800w, https:\/\/www.radioluna.it\/news\/wp-content\/uploads\/2016\/04\/referendum-Trivelle-comune-per-comune.png 835w\" sizes=\"auto, (max-width: 689px) 100vw, 689px\" \/><\/a><p id=\"caption-attachment-176804\" class=\"wp-caption-text\">I dati dell&#8217;affluenza comune per comune<\/p><\/div>\n<p>&nbsp;<\/p>\n","protected":false},"excerpt":{"rendered":"<p>&nbsp; LATINA &#8211;\u00a0Il Referendum \u00e8 stato un fallimento sotto il profilo della partecipazione dei cittadini. In provincia di Latina anche pi\u00f9 che altrove visto che l&#8217;affluenza nazionale \u00e8 stata del 32, 15% (dato definitivo del Ministero dell&#8217;Interno), mentre quella registrata nei 33 comuni pontini si \u00e8 fermata al 27,3%. Alle urne alle 12 aveva votato [&hellip;]<\/p>\n","protected":false},"author":62,"featured_media":176784,"comment_status":"open","ping_status":"closed","sticky":false,"template":"","format":"standard","meta":{"footnotes":""},"categories":[8],"tags":[],"class_list":["post-176788","post","type-post","status-publish","format-standard","has-post-thumbnail","hentry","category-politica"],"_links":{"self":[{"href":"https:\/\/www.radioluna.it\/news\/wp-json\/wp\/v2\/posts\/176788","targetHints":{"allow":["GET"]}}],"collection":[{"href":"https:\/\/www.radioluna.it\/news\/wp-json\/wp\/v2\/posts"}],"about":[{"href":"https:\/\/www.radioluna.it\/news\/wp-json\/wp\/v2\/types\/post"}],"author":[{"embeddable":true,"href":"https:\/\/www.radioluna.it\/news\/wp-json\/wp\/v2\/users\/62"}],"replies":[{"embeddable":true,"href":"https:\/\/www.radioluna.it\/news\/wp-json\/wp\/v2\/comments?post=176788"}],"version-history":[{"count":0,"href":"https:\/\/www.radioluna.it\/news\/wp-json\/wp\/v2\/posts\/176788\/revisions"}],"wp:featuredmedia":[{"embeddable":true,"href":"https:\/\/www.radioluna.it\/news\/wp-json\/wp\/v2\/media\/176784"}],"wp:attachment":[{"href":"https:\/\/www.radioluna.it\/news\/wp-json\/wp\/v2\/media?parent=176788"}],"wp:term":[{"taxonomy":"category","embeddable":true,"href":"https:\/\/www.radioluna.it\/news\/wp-json\/wp\/v2\/categories?post=176788"},{"taxonomy":"post_tag","embeddable":true,"href":"https:\/\/www.radioluna.it\/news\/wp-json\/wp\/v2\/tags?post=176788"}],"curies":[{"name":"wp","href":"https:\/\/api.w.org\/{rel}","templated":true}]}}