{"id":176807,"date":"2016-04-18T10:11:31","date_gmt":"2016-04-18T08:11:31","guid":{"rendered":"http:\/\/www.radioluna.it\/news\/?p=176807"},"modified":"2016-04-18T10:11:31","modified_gmt":"2016-04-18T08:11:31","slug":"paolo-fragiotta-ricucire-quartieri-e-riqualificare-i-borghi","status":"publish","type":"post","link":"https:\/\/www.radioluna.it\/news\/2016\/04\/paolo-fragiotta-ricucire-quartieri-e-riqualificare-i-borghi\/","title":{"rendered":"Paolo Fragiotta: &#8220;Ricucire quartieri e riqualificare i borghi&#8221;"},"content":{"rendered":"<div id=\"fb-root\"><\/div>\n<div id=\"attachment_176220\" style=\"width: 682px\" class=\"wp-caption aligncenter\"><a href=\"http:\/\/www.radioluna.it\/news\/wp-content\/uploads\/2016\/04\/conferenza-stampa-lista-citt\u00e0-forte.jpg\"><img loading=\"lazy\" decoding=\"async\" aria-describedby=\"caption-attachment-176220\" class=\"wp-image-176220 size-full\" src=\"http:\/\/www.radioluna.it\/news\/wp-content\/uploads\/2016\/04\/conferenza-stampa-lista-citt\u00e0-forte.jpg\" alt=\"conferenza stampa lista citt\u00e0 forte\" width=\"672\" height=\"504\" \/><\/a><p id=\"caption-attachment-176220\" class=\"wp-caption-text\">Paolo Fragiotta (al centro) alla destra di Enrico Forte<\/p><\/div>\n<p style=\"text-align: justify;\"><strong>LATINA<\/strong> &#8211;\u00a0\u00abUn tema politico di sicuro rilievo per il futuro della nostra citt\u00e0 riguarda la necessaria riqualificazione del territorio urbano, al fine di offrire ai cittadini servizi e qualit\u00e0 di vita degni di un Comune capoluogo di provincia e contribuire a ricostruire quello spirito di comunit\u00e0 che negli corso degli anni si \u00e8 sempre pi\u00f9 affievolito\u00bb.<br \/>\nLo dichiara Paolo Fragiotta, candidato nella lista \u201cCitt\u00e0 Forte\u201d che sostiene il candidato sindaco Enrico Forte.<br \/>\n\u00abIl tema \u2013 spiega Fragiotta &#8211; \u00e8 divenuto urgente anche perch\u00e9 negli ultimi anni l\u2019attenzione della politica \u00e8 stata sempre pi\u00f9 rivolta al solo centro storico, con interventi che sono parsi, spesso, estemporanei nella proposizione e stravaganti nella realizzazione come il caso della ZTL e dell\u2019anello ciclabile cittadino. Poco o nulla \u00e8 stato invece fatto per il resto della Citt\u00e0, i cui quartieri vivono generali condizioni di precariet\u00e0 perfino sotto il profilo della ordinaria vivibilit\u00e0.<br \/>\nNel caso di alcune aree periferiche, poi, dobbiamo parlare di situazioni realmente prossime al degrado. La carenza ormai cronica di manutenzione, anche solo ordinaria, di marciapiedi, manto stradale, illuminazione e verde pubblico, ha aggravato i disagi, minando spesso la percezione di sicurezza dei cittadini, in particolare nelle ore notturne.<br \/>\nTutto ci\u00f2 avviene nonostante sui cittadini di Latina gravi una tassazione record. TASI e addizionale IRPEF sono state fissate ai massimi di legge, per non parlare di una tariffa rifiuti sproporzionata rispetto ai servizi erogati.<br \/>\nUn capitolo a parte \u00e8 rappresentato dai borghi cittadini, che conferiscono storicamente a Latina una sua forte peculiarit\u00e0.<br \/>\nDi essi si parla poco, se non in termini di sterile retorica ma, negli ultimi anni, ben poco \u00e8 stato messo in campo per restituire loro identit\u00e0 e ruolo nell\u2019ambito della comunit\u00e0 cittadina e contrastare la tendenza a quello che \u00e8 di fatto un declassamento in periferie o quartieri-dormitorio.<br \/>\nTanto che oggi rischiano di diventare corpi estranei al tessuto della Citt\u00e0 cos\u00ec che il loro apporto storico farebbe perdere a Latina una parte determinante della propria identit\u00e0. Ritengo che in assenza di un preciso progetto di riqualificazione e valorizzazione dei quartieri soprattutto periferici e dei borghi cittadini sar\u00e0 impossibile invertire il trend che vede la nostra citt\u00e0 agli ultimi posti delle classifiche nazionali sulla qualit\u00e0 della vita.<br \/>\nLa prossima amministrazione \u2013 conclude &#8211; dovr\u00e0 avere tra i punti centrali della propria azione un programma straordinario di riqualificazione e ricucitura dei quartieri e dei borghi, argomento sul quale la lista \u201cCitt\u00e0 Forte\u201d \u00e8 impegnata a sviluppare una forte iniziativa\u00bb.<\/p>\n","protected":false},"excerpt":{"rendered":"<p>LATINA &#8211;\u00a0\u00abUn tema politico di sicuro rilievo per il futuro della nostra citt\u00e0 riguarda la necessaria riqualificazione del territorio urbano, al fine di offrire ai cittadini servizi e qualit\u00e0 di vita degni di un Comune capoluogo di provincia e contribuire a ricostruire quello spirito di comunit\u00e0 che negli corso degli anni si \u00e8 sempre pi\u00f9 [&hellip;]<\/p>\n","protected":false},"author":60,"featured_media":0,"comment_status":"open","ping_status":"closed","sticky":false,"template":"","format":"standard","meta":{"footnotes":""},"categories":[8],"tags":[],"class_list":["post-176807","post","type-post","status-publish","format-standard","hentry","category-politica"],"_links":{"self":[{"href":"https:\/\/www.radioluna.it\/news\/wp-json\/wp\/v2\/posts\/176807","targetHints":{"allow":["GET"]}}],"collection":[{"href":"https:\/\/www.radioluna.it\/news\/wp-json\/wp\/v2\/posts"}],"about":[{"href":"https:\/\/www.radioluna.it\/news\/wp-json\/wp\/v2\/types\/post"}],"author":[{"embeddable":true,"href":"https:\/\/www.radioluna.it\/news\/wp-json\/wp\/v2\/users\/60"}],"replies":[{"embeddable":true,"href":"https:\/\/www.radioluna.it\/news\/wp-json\/wp\/v2\/comments?post=176807"}],"version-history":[{"count":0,"href":"https:\/\/www.radioluna.it\/news\/wp-json\/wp\/v2\/posts\/176807\/revisions"}],"wp:attachment":[{"href":"https:\/\/www.radioluna.it\/news\/wp-json\/wp\/v2\/media?parent=176807"}],"wp:term":[{"taxonomy":"category","embeddable":true,"href":"https:\/\/www.radioluna.it\/news\/wp-json\/wp\/v2\/categories?post=176807"},{"taxonomy":"post_tag","embeddable":true,"href":"https:\/\/www.radioluna.it\/news\/wp-json\/wp\/v2\/tags?post=176807"}],"curies":[{"name":"wp","href":"https:\/\/api.w.org\/{rel}","templated":true}]}}