{"id":176809,"date":"2016-04-18T10:44:46","date_gmt":"2016-04-18T08:44:46","guid":{"rendered":"http:\/\/www.radioluna.it\/news\/?p=176809"},"modified":"2016-04-19T10:33:20","modified_gmt":"2016-04-19T08:33:20","slug":"latina-in-piazza-della-liberta-lo-sciopero-dei-braccianti-indiani","status":"publish","type":"post","link":"https:\/\/www.radioluna.it\/news\/2016\/04\/latina-in-piazza-della-liberta-lo-sciopero-dei-braccianti-indiani\/","title":{"rendered":"Latina, in Piazza della Libert\u00e0 lo sciopero dei braccianti indiani"},"content":{"rendered":"<div id=\"fb-root\"><\/div>\n<p style=\"text-align: justify;\"><strong>[flagallery gid=530]<\/strong><\/p>\n<p style=\"text-align: justify;\"><strong>LATINA<\/strong> &#8211; Sono scesi in piazza per protestare e portare all&#8217;attenzione delle istituzioni le condizioni di lavoro che sono costretti a subire. Sono circa 600 braccianti agricoli indiani, in rappresentanza di migliaia di uomini che lavorano nelle campagne dell&#8217;Agro Pontino: una paga da miseria, magari in nero, poca sicurezza, orari infiniti che li riducono allo stremo. Oggi incrociamo le braccia per la prima volta.<\/p>\n<p style=\"text-align: justify;\">ASCOLTA ANSELMO BRIGANTI, segretario della Cgil di Latina<\/p>\n<audio class=\"wp-audio-shortcode\" id=\"audio-176809-1\" preload=\"none\" style=\"width: 100%;\" controls=\"controls\"><source type=\"audio\/mpeg\" src=\"http:\/\/www.radioluna.it\/news\/wp-content\/uploads\/2016\/04\/briganti-per-sito.mp3?_=1\" \/><a href=\"http:\/\/www.radioluna.it\/news\/wp-content\/uploads\/2016\/04\/briganti-per-sito.mp3\">http:\/\/www.radioluna.it\/news\/wp-content\/uploads\/2016\/04\/briganti-per-sito.mp3<\/a><\/audio>\n<p style=\"text-align: justify;\">Lo sciopero generale \u00e8 stato organizzato dalla Cgil in collaborazione con l&#8217;associazione In Migrazione che da tempo si occupa della condizione dei lavoratori stranieri nelle campagne, numerosissimi tra Latina, Pontinia e Sabaudia.\u00a0<span style=\"line-height: 1.5;\">Il raduno alle 10 in piazza sotto la Prefettura con le bandiere del sindacato e contro il caporalato. Le parole di Singh Gurnam.<\/span><\/p>\n<p><iframe loading=\"lazy\" title=\"Luna Notizie - Sciopero dei braccianti agricoli\" width=\"740\" height=\"416\" src=\"https:\/\/www.youtube.com\/embed\/DHD-X4wsI4E?feature=oembed\" frameborder=\"0\" allow=\"accelerometer; autoplay; clipboard-write; encrypted-media; gyroscope; picture-in-picture; web-share\" referrerpolicy=\"strict-origin-when-cross-origin\" allowfullscreen><\/iframe><\/p>\n<p class=\"western\" style=\"text-align: justify;\"><span style=\"color: #333333;\"><span style=\"font-family: Georgia, 'Times New Roman', 'Bitstream Charter', Times, serif;\"><span style=\"font-size: medium;\"><strong>UILA<\/strong> &#8211; Intanto la Uila Uil di Latina indirizza una lettera all&#8217;ispettorato del lavoro, all&#8217;Inps e all&#8217;agenzia delle entrate chiedendo una verifica ispettiva nelle aziende agricole comprese nell&#8217;area di Terracina, Sabaudia, San felice Circeo, Pontinia e Terracina. \u201cDa alcuni mesi a questa parte \u2013 si legge nella nota \u2013 sta crescendo il malessere dei lavoratori agricoli. In questa area si concentrano, praticamente per tutto l&#8217;anno, importanti attivit\u00e0 nel settore ortofrutticolo e florovivaistico. La pratica che sempre pi\u00f9 si va diffondendo, nonostante il contratto del lavoro preveda altro, \u00e8 quella di pagare un forfait al lavoratore che magari per giornate di pi\u00f9 di 10 ore riceve solo 30 euro senza che venga specificato ne l&#8217;orario ne i giorni effettivamente lavorati. Le prime vittime di questo sistema \u2013 spiega la Uila \u2013 sono i lavoratori stranieri, che oltre a essere ricattati dalle stesse aziende, rischiano di essere espulsi dall&#8217;Italia. A rimetterci sono anche i lavoratori italiani che per poter lavorare devono sottostare allo stesso trattamento\u201d. <\/span><\/span><\/span><\/p>\n<div class=\"radio-posizionamento-telefono-in-articoli-dopo-il-contenuto-articolo radio-entity-placement\" id=\"radio-2174307778\"><div id=\"radio-437582021\"><a href=\"https:\/\/www.simeoneceramiche.com\/\" aria-label=\"SIMEONE CERAMICHE GIF animata per radioluna_Tavola disegno 1 copia 2 (online-video-cutter.com)\"><img loading=\"lazy\" decoding=\"async\" src=\"https:\/\/www.radioluna.it\/news\/wp-content\/uploads\/2025\/05\/SIMEONE-CERAMICHE-GIF-animata-per-radioluna_Tavola-disegno-1-copia-2-online-video-cutter.com_.gif\" alt=\"\"  width=\"300\" height=\"250\"   \/><\/a><\/div><\/div>","protected":false},"excerpt":{"rendered":"<p>[flagallery gid=530] LATINA &#8211; Sono scesi in piazza per protestare e portare all&#8217;attenzione delle istituzioni le condizioni di lavoro che sono costretti a subire. Sono circa 600 braccianti agricoli indiani, in rappresentanza di migliaia di uomini che lavorano nelle campagne dell&#8217;Agro Pontino: una paga da miseria, magari in nero, poca sicurezza, orari infiniti che li [&hellip;]<\/p>\n","protected":false},"author":62,"featured_media":176812,"comment_status":"open","ping_status":"closed","sticky":false,"template":"","format":"standard","meta":{"footnotes":""},"categories":[2310,11,2311,2312],"tags":[],"class_list":["post-176809","post","type-post","status-publish","format-standard","has-post-thumbnail","hentry","category-audio","category-economia","category-foto","category-video"],"_links":{"self":[{"href":"https:\/\/www.radioluna.it\/news\/wp-json\/wp\/v2\/posts\/176809","targetHints":{"allow":["GET"]}}],"collection":[{"href":"https:\/\/www.radioluna.it\/news\/wp-json\/wp\/v2\/posts"}],"about":[{"href":"https:\/\/www.radioluna.it\/news\/wp-json\/wp\/v2\/types\/post"}],"author":[{"embeddable":true,"href":"https:\/\/www.radioluna.it\/news\/wp-json\/wp\/v2\/users\/62"}],"replies":[{"embeddable":true,"href":"https:\/\/www.radioluna.it\/news\/wp-json\/wp\/v2\/comments?post=176809"}],"version-history":[{"count":0,"href":"https:\/\/www.radioluna.it\/news\/wp-json\/wp\/v2\/posts\/176809\/revisions"}],"wp:featuredmedia":[{"embeddable":true,"href":"https:\/\/www.radioluna.it\/news\/wp-json\/wp\/v2\/media\/176812"}],"wp:attachment":[{"href":"https:\/\/www.radioluna.it\/news\/wp-json\/wp\/v2\/media?parent=176809"}],"wp:term":[{"taxonomy":"category","embeddable":true,"href":"https:\/\/www.radioluna.it\/news\/wp-json\/wp\/v2\/categories?post=176809"},{"taxonomy":"post_tag","embeddable":true,"href":"https:\/\/www.radioluna.it\/news\/wp-json\/wp\/v2\/tags?post=176809"}],"curies":[{"name":"wp","href":"https:\/\/api.w.org\/{rel}","templated":true}]}}