{"id":176833,"date":"2016-04-18T15:19:23","date_gmt":"2016-04-18T13:19:23","guid":{"rendered":"http:\/\/www.radioluna.it\/news\/?p=176833"},"modified":"2016-04-18T15:19:23","modified_gmt":"2016-04-18T13:19:23","slug":"latina-e-le-sue-identita-viste-da-giovanni-malinconico","status":"publish","type":"post","link":"https:\/\/www.radioluna.it\/news\/2016\/04\/latina-e-le-sue-identita-viste-da-giovanni-malinconico\/","title":{"rendered":"Latina e le sue identit\u00e0 viste da Giovanni Malinconico"},"content":{"rendered":"<div id=\"fb-root\"><\/div>\n<p style=\"text-align: justify;\"><a href=\"http:\/\/www.radioluna.it\/news\/wp-content\/uploads\/2016\/04\/malinconico.jpg\"><img loading=\"lazy\" decoding=\"async\" class=\"aligncenter size-thumbnail wp-image-176834\" src=\"http:\/\/www.radioluna.it\/news\/wp-content\/uploads\/2016\/04\/malinconico-689x459.jpg\" alt=\"malinconico\" width=\"689\" height=\"459\" srcset=\"https:\/\/www.radioluna.it\/news\/wp-content\/uploads\/2016\/04\/malinconico-689x459.jpg 689w, https:\/\/www.radioluna.it\/news\/wp-content\/uploads\/2016\/04\/malinconico-768x512.jpg 768w, https:\/\/www.radioluna.it\/news\/wp-content\/uploads\/2016\/04\/malinconico-500x333.jpg 500w, https:\/\/www.radioluna.it\/news\/wp-content\/uploads\/2016\/04\/malinconico-600x400.jpg 600w, https:\/\/www.radioluna.it\/news\/wp-content\/uploads\/2016\/04\/malinconico-300x200.jpg 300w, https:\/\/www.radioluna.it\/news\/wp-content\/uploads\/2016\/04\/malinconico-1024x683.jpg 1024w, https:\/\/www.radioluna.it\/news\/wp-content\/uploads\/2016\/04\/malinconico-800x533.jpg 800w, https:\/\/www.radioluna.it\/news\/wp-content\/uploads\/2016\/04\/malinconico.jpg 1000w\" sizes=\"auto, (max-width: 689px) 100vw, 689px\" \/><\/a><strong>LATINA<\/strong> &#8211; &#8220;Latina \u00e8 una citt\u00e0 pioniera, fatta da di pionieri, che oggi guarda nostalgicamente al passato. Invece \u00e8 la citt\u00e0 del futuro&#8221;. Poche parole per spiegare da che punto si avvier\u00e0 il ragionamento che porter\u00e0 Giovanni Malinconico, avvocato amministrativista, conosciutissimo a Latina, gi\u00e0 presidente dell&#8217;Ordine degli Avvocati, oggi anche capolista\u00a0nella Lista Enrico Forte sindaco, a condurre il dibattito sul tema &#8220;Come siamo e come non siamo. Latina e le sue identit\u00e0&#8221;, che si terr\u00e0 mercoled\u00ec 20 aprile \u00a0alle 18 al Circolo Cittadino di Latina.<\/p>\n<p style=\"text-align: justify;\">&#8220;Dobbiamo intanto chiederci che cosa \u00e8 oggi Latina e che cosa non \u00e8; capire insomma le vocazioni del territorio, quindi stabilire le priorit\u00e0 su cui pianificare l&#8217;azione di chi governer\u00e0. L&#8217;invito che rivolgiamo \u00e8 a leggere la citt\u00e0&#8221;. Malinconico presenta cos\u00ec l&#8217;appuntamento che \u00a0&#8211; spiega &#8211; \u00e8 il primo di una serie dedicata singole tematiche tra cui quella pi\u00f9 cara al professionista: legalit\u00e0, trasparenza ed efficienza della macchina amministrativa. &#8220;Non si tratta di concetti, ma di cose concrete. La trasparenza per esempio significa rendere gli atti amministrativi accessibili ovvero leggibili al cittadino e dunque consentire a tutti di capire che scelte si stanno facendo. Oggi non \u00e8 cos\u00ec. Ci deve essere corrispondenza tra quello che si vede (dagli atti) e quello che chi amministra\u00a0<span style=\"line-height: 1.5;\">sta decidendo. Cos\u00ec si attiva anche il ccontrollo&#8221;.<\/span><\/p>\n<p style=\"text-align: justify;\"><span style=\"line-height: 1.5;\">Ma le priorit\u00e0 riguardano anche l&#8217;uso dell&#8217;ambiente e del territorio, la vocazione agricola e quella turistica &#8220;che non significa fare di Latina una Rimini del Tirreno&#8221;, e ovviamente la vocazione culturale: &#8220;Dobbiamo dire stop al particolare e guadagnare una visione. A Latina \u00a0&#8211; conclude &#8211; anche i piani urbanistici sono piani particolareggiati ai quali sfugge l&#8217;insieme. Serve una pianificazione generale. In questo senso il Commissario prefettizio Giacomo Barbato ci ha consegnato un metodo: mettere la legalit\u00e0 come presupposto e questo \u00e8 un valore&#8221;.<\/span><\/p>\n<p style=\"text-align: justify;\"><span style=\"line-height: 1.5;\">I temi sono lanciati, se ne parler\u00e0 mercoled\u00ec al Circolo cittadino anche con Massimo Bortoletto, Anna Eugenia Morini, Simonetta Dario e con la presenza del candidato sindaco Enrico Forte.\u00a0<\/span><\/p>\n<p style=\"text-align: justify;\">\n","protected":false},"excerpt":{"rendered":"<p>LATINA &#8211; &#8220;Latina \u00e8 una citt\u00e0 pioniera, fatta da di pionieri, che oggi guarda nostalgicamente al passato. Invece \u00e8 la citt\u00e0 del futuro&#8221;. Poche parole per spiegare da che punto si avvier\u00e0 il ragionamento che porter\u00e0 Giovanni Malinconico, avvocato amministrativista, conosciutissimo a Latina, gi\u00e0 presidente dell&#8217;Ordine degli Avvocati, oggi anche capolista\u00a0nella Lista Enrico Forte sindaco, [&hellip;]<\/p>\n","protected":false},"author":62,"featured_media":176834,"comment_status":"open","ping_status":"closed","sticky":false,"template":"","format":"standard","meta":{"footnotes":""},"categories":[8],"tags":[],"class_list":["post-176833","post","type-post","status-publish","format-standard","has-post-thumbnail","hentry","category-politica"],"_links":{"self":[{"href":"https:\/\/www.radioluna.it\/news\/wp-json\/wp\/v2\/posts\/176833","targetHints":{"allow":["GET"]}}],"collection":[{"href":"https:\/\/www.radioluna.it\/news\/wp-json\/wp\/v2\/posts"}],"about":[{"href":"https:\/\/www.radioluna.it\/news\/wp-json\/wp\/v2\/types\/post"}],"author":[{"embeddable":true,"href":"https:\/\/www.radioluna.it\/news\/wp-json\/wp\/v2\/users\/62"}],"replies":[{"embeddable":true,"href":"https:\/\/www.radioluna.it\/news\/wp-json\/wp\/v2\/comments?post=176833"}],"version-history":[{"count":0,"href":"https:\/\/www.radioluna.it\/news\/wp-json\/wp\/v2\/posts\/176833\/revisions"}],"wp:featuredmedia":[{"embeddable":true,"href":"https:\/\/www.radioluna.it\/news\/wp-json\/wp\/v2\/media\/176834"}],"wp:attachment":[{"href":"https:\/\/www.radioluna.it\/news\/wp-json\/wp\/v2\/media?parent=176833"}],"wp:term":[{"taxonomy":"category","embeddable":true,"href":"https:\/\/www.radioluna.it\/news\/wp-json\/wp\/v2\/categories?post=176833"},{"taxonomy":"post_tag","embeddable":true,"href":"https:\/\/www.radioluna.it\/news\/wp-json\/wp\/v2\/tags?post=176833"}],"curies":[{"name":"wp","href":"https:\/\/api.w.org\/{rel}","templated":true}]}}