{"id":176855,"date":"2016-04-18T18:37:48","date_gmt":"2016-04-18T16:37:48","guid":{"rendered":"http:\/\/www.radioluna.it\/news\/?p=176855"},"modified":"2016-04-18T18:37:48","modified_gmt":"2016-04-18T16:37:48","slug":"calandrini-il-comune-dovra-sostenere-le-pmi","status":"publish","type":"post","link":"https:\/\/www.radioluna.it\/news\/2016\/04\/calandrini-il-comune-dovra-sostenere-le-pmi\/","title":{"rendered":"Calandrini: \u201cIl Comune dovr\u00e0 sostenere le Pmi&#8221;"},"content":{"rendered":"<div id=\"fb-root\"><\/div>\n<p>&nbsp;<\/p>\n<p style=\"text-align: justify;\"><strong><a href=\"http:\/\/www.radioluna.it\/news\/wp-content\/uploads\/2016\/03\/calandrini-ride.jpg\"><img loading=\"lazy\" decoding=\"async\" class=\"aligncenter size-thumbnail wp-image-175397\" src=\"http:\/\/www.radioluna.it\/news\/wp-content\/uploads\/2016\/03\/calandrini-ride-689x458.jpg\" alt=\"calandrini ride\" width=\"689\" height=\"458\" srcset=\"https:\/\/www.radioluna.it\/news\/wp-content\/uploads\/2016\/03\/calandrini-ride-689x458.jpg 689w, https:\/\/www.radioluna.it\/news\/wp-content\/uploads\/2016\/03\/calandrini-ride-768x511.jpg 768w, https:\/\/www.radioluna.it\/news\/wp-content\/uploads\/2016\/03\/calandrini-ride-500x333.jpg 500w, https:\/\/www.radioluna.it\/news\/wp-content\/uploads\/2016\/03\/calandrini-ride-600x400.jpg 600w, https:\/\/www.radioluna.it\/news\/wp-content\/uploads\/2016\/03\/calandrini-ride-300x200.jpg 300w, https:\/\/www.radioluna.it\/news\/wp-content\/uploads\/2016\/03\/calandrini-ride.jpg 800w\" sizes=\"auto, (max-width: 689px) 100vw, 689px\" \/><\/a>LATINA &#8211;<\/strong> Il candidato sindaco del centrodestra di Latina, Nicola Calandrini, \u00e8 intervenuto sul tema del rilancio economico della citt\u00e0 e sulla necessit\u00e0 di garantire un nuovo, pi\u00f9 partecipe sostegno alle Pmi.<\/p>\n<p style=\"text-align: justify;\">\u201cPer rendere pi\u00f9 competitive le piccole e medie imprese del nostro territorio reputo doveroso puntare su un piano di intervento da concertare con Regione, Camere di Commercio, Consorzi Fidi e sistema bancario. Tale rete consentir\u00e0 agli operatori di cogliere al meglio le opportunit\u00e0 derivanti dalle politiche di espansione del credito. Un\u2019altra direzione da seguire sar\u00e0 quella dei poli di ricerca, da potenziare attraverso una sinergia tra Regione, Universit\u00e0, istituti professionali e associazioni d\u2019impresa. Questo sistema fornir\u00e0 un sostegno alle startup e alla ricerca di soluzioni innovative per i cicli produttivi\u201d.<\/p>\n<p>Secondo Calandrini in un simile contesto il Comune dovr\u00e0 garantire agevolazioni fiscali e promuovere progetti di innovazione relativi sia al prodotto sia ai cicli produttivi, non trascurando mai lo sviluppo di nuove competenze. Commercio e artigianato troveranno poi nuovo impulso in una citt\u00e0 pi\u00f9 sicura e pi\u00f9 dotata di servizi: \u201cCos\u00ec facendo il tessuto economico della citt\u00e0 andr\u00e0 ad innestarsi nel tessuto industriale complessivo. Spetter\u00e0 al Comune, inoltre, far conoscere le nostre eccellenze in ambito imprenditoriale ai grandi operatori pubblici e privati\u201d.<\/p>\n<p>Particolare attenzione andr\u00e0 riservata alla filiera dell\u2019edilizia e al decoro urbano, temi da sempre indicati tra le priorit\u00e0 di Calandrini: \u201cPer risollevare l\u2019economia dovremo innanzitutto presentarci meglio, intervenendo sul cosiddetto piano di ricucitura urbana. La nostra citt\u00e0 dovr\u00e0 recuperare le sue capacit\u00e0 attrattive, l\u2019aspetto estetico andr\u00e0 rivalutato attraverso la qualit\u00e0 delle costruzioni, senza occupare nuovi spazi e investendo sull\u2019efficienza energetica, sulla banda larga e su altre innovazioni tecnologiche ormai irrinunciabili\u201d.<\/p>\n","protected":false},"excerpt":{"rendered":"<p>&nbsp; LATINA &#8211; Il candidato sindaco del centrodestra di Latina, Nicola Calandrini, \u00e8 intervenuto sul tema del rilancio economico della citt\u00e0 e sulla necessit\u00e0 di garantire un nuovo, pi\u00f9 partecipe sostegno alle Pmi. \u201cPer rendere pi\u00f9 competitive le piccole e medie imprese del nostro territorio reputo doveroso puntare su un piano di intervento da concertare [&hellip;]<\/p>\n","protected":false},"author":60,"featured_media":175397,"comment_status":"open","ping_status":"closed","sticky":false,"template":"","format":"standard","meta":{"footnotes":""},"categories":[8],"tags":[],"class_list":["post-176855","post","type-post","status-publish","format-standard","has-post-thumbnail","hentry","category-politica"],"_links":{"self":[{"href":"https:\/\/www.radioluna.it\/news\/wp-json\/wp\/v2\/posts\/176855","targetHints":{"allow":["GET"]}}],"collection":[{"href":"https:\/\/www.radioluna.it\/news\/wp-json\/wp\/v2\/posts"}],"about":[{"href":"https:\/\/www.radioluna.it\/news\/wp-json\/wp\/v2\/types\/post"}],"author":[{"embeddable":true,"href":"https:\/\/www.radioluna.it\/news\/wp-json\/wp\/v2\/users\/60"}],"replies":[{"embeddable":true,"href":"https:\/\/www.radioluna.it\/news\/wp-json\/wp\/v2\/comments?post=176855"}],"version-history":[{"count":0,"href":"https:\/\/www.radioluna.it\/news\/wp-json\/wp\/v2\/posts\/176855\/revisions"}],"wp:featuredmedia":[{"embeddable":true,"href":"https:\/\/www.radioluna.it\/news\/wp-json\/wp\/v2\/media\/175397"}],"wp:attachment":[{"href":"https:\/\/www.radioluna.it\/news\/wp-json\/wp\/v2\/media?parent=176855"}],"wp:term":[{"taxonomy":"category","embeddable":true,"href":"https:\/\/www.radioluna.it\/news\/wp-json\/wp\/v2\/categories?post=176855"},{"taxonomy":"post_tag","embeddable":true,"href":"https:\/\/www.radioluna.it\/news\/wp-json\/wp\/v2\/tags?post=176855"}],"curies":[{"name":"wp","href":"https:\/\/api.w.org\/{rel}","templated":true}]}}