{"id":176872,"date":"2016-04-19T10:32:11","date_gmt":"2016-04-19T08:32:11","guid":{"rendered":"http:\/\/www.radioluna.it\/news\/?p=176872"},"modified":"2016-04-19T13:13:27","modified_gmt":"2016-04-19T11:13:27","slug":"il-pianista-alberto-pizzo-apre-lievito-2016-presentando-memories","status":"publish","type":"post","link":"https:\/\/www.radioluna.it\/news\/2016\/04\/il-pianista-alberto-pizzo-apre-lievito-2016-presentando-memories\/","title":{"rendered":"Alberto Pizzo apre Aspettando Lievito 2016"},"content":{"rendered":"<div id=\"fb-root\"><\/div>\n<p><iframe loading=\"lazy\" title=\"Luna Notizie - Alberto Pizzo presenta Memories a Latina\" width=\"740\" height=\"416\" src=\"https:\/\/www.youtube.com\/embed\/z-KWkhOf7aI?feature=oembed\" frameborder=\"0\" allow=\"accelerometer; autoplay; clipboard-write; encrypted-media; gyroscope; picture-in-picture; web-share\" referrerpolicy=\"strict-origin-when-cross-origin\" allowfullscreen><\/iframe><\/p>\n<p style=\"text-align: justify;\"><strong>LATINA<\/strong> &#8211; Viene dai Quartieri Spagnoli di Napoli, ha studiato al Conservatorio di \u00a0San Pietro a Maiella, ha creduto soprattutto nel suo sogno ed \u00e8 riuscito a realizzarlo suonando la sua musica in Europa come negli Usa e in Giappone. Lui \u00e8 Alberto Pizzo, giovane, talentuoso pianista che luned\u00ec sera ha presentato a Latina, Memories, il suo terzo disco realizzato in collaborazione con il premio Oscar Luis Bacalov. Lo ha portato al Circolo Cittadino presentandolo al pubblico in occasione dell&#8217;anteprima di Lievito 2016, Gianmaurizio Foderaro.<\/p>\n<p style=\"text-align: justify;\">Ne abbiamo parlato su Radio Luna in Qui Latina<\/p>\n<audio class=\"wp-audio-shortcode\" id=\"audio-176872-1\" preload=\"none\" style=\"width: 100%;\" controls=\"controls\"><source type=\"audio\/mpeg\" src=\"http:\/\/www.radioluna.it\/news\/wp-content\/uploads\/2016\/04\/qui-latina-per-sito6.mp3?_=1\" \/><a href=\"http:\/\/www.radioluna.it\/news\/wp-content\/uploads\/2016\/04\/qui-latina-per-sito6.mp3\">http:\/\/www.radioluna.it\/news\/wp-content\/uploads\/2016\/04\/qui-latina-per-sito6.mp3<\/a><\/audio>\n<div class=\"radio-posizionamento-telefono-in-articoli-dopo-il-contenuto-articolo radio-entity-placement\" id=\"radio-1966745883\"><div id=\"radio-2241936540\" style=\"width: 300px;height: 250px;\"><a href=\"https:\/\/www.icarspa.it\/auto\/usate\/latina\/\" aria-label=\"banner aprile icar new life &#8211; auto usate latina\"><img loading=\"lazy\" decoding=\"async\" src=\"https:\/\/www.radioluna.it\/news\/wp-content\/uploads\/2026\/02\/banner-aprile-icar-new-life-auto-usate-latina.gif\" alt=\"\"  width=\"300\" height=\"250\"   \/><\/a><\/div><\/div>","protected":false},"excerpt":{"rendered":"<p>LATINA &#8211; Viene dai Quartieri Spagnoli di Napoli, ha studiato al Conservatorio di \u00a0San Pietro a Maiella, ha creduto soprattutto nel suo sogno ed \u00e8 riuscito a realizzarlo suonando la sua musica in Europa come negli Usa e in Giappone. Lui \u00e8 Alberto Pizzo, giovane, talentuoso pianista che luned\u00ec sera ha presentato a Latina, Memories, [&hellip;]<\/p>\n","protected":false},"author":62,"featured_media":176873,"comment_status":"open","ping_status":"closed","sticky":false,"template":"","format":"standard","meta":{"footnotes":""},"categories":[2310,15,2312],"tags":[],"class_list":["post-176872","post","type-post","status-publish","format-standard","has-post-thumbnail","hentry","category-audio","category-cultura","category-video"],"_links":{"self":[{"href":"https:\/\/www.radioluna.it\/news\/wp-json\/wp\/v2\/posts\/176872","targetHints":{"allow":["GET"]}}],"collection":[{"href":"https:\/\/www.radioluna.it\/news\/wp-json\/wp\/v2\/posts"}],"about":[{"href":"https:\/\/www.radioluna.it\/news\/wp-json\/wp\/v2\/types\/post"}],"author":[{"embeddable":true,"href":"https:\/\/www.radioluna.it\/news\/wp-json\/wp\/v2\/users\/62"}],"replies":[{"embeddable":true,"href":"https:\/\/www.radioluna.it\/news\/wp-json\/wp\/v2\/comments?post=176872"}],"version-history":[{"count":0,"href":"https:\/\/www.radioluna.it\/news\/wp-json\/wp\/v2\/posts\/176872\/revisions"}],"wp:featuredmedia":[{"embeddable":true,"href":"https:\/\/www.radioluna.it\/news\/wp-json\/wp\/v2\/media\/176873"}],"wp:attachment":[{"href":"https:\/\/www.radioluna.it\/news\/wp-json\/wp\/v2\/media?parent=176872"}],"wp:term":[{"taxonomy":"category","embeddable":true,"href":"https:\/\/www.radioluna.it\/news\/wp-json\/wp\/v2\/categories?post=176872"},{"taxonomy":"post_tag","embeddable":true,"href":"https:\/\/www.radioluna.it\/news\/wp-json\/wp\/v2\/tags?post=176872"}],"curies":[{"name":"wp","href":"https:\/\/api.w.org\/{rel}","templated":true}]}}