{"id":176887,"date":"2016-04-19T13:42:46","date_gmt":"2016-04-19T11:42:46","guid":{"rendered":"http:\/\/www.radioluna.it\/news\/?p=176887"},"modified":"2016-04-19T13:42:46","modified_gmt":"2016-04-19T11:42:46","slug":"forte-e-zingaretti-allex-garage-ruspi","status":"publish","type":"post","link":"https:\/\/www.radioluna.it\/news\/2016\/04\/forte-e-zingaretti-allex-garage-ruspi\/","title":{"rendered":"Forte e Zingaretti all&#8217;Ex Garage Ruspi"},"content":{"rendered":"<div id=\"fb-root\"><\/div>\n<p style=\"text-align: justify;\"><strong><a href=\"http:\/\/www.radioluna.it\/news\/wp-content\/uploads\/2016\/04\/Forte-e-Zingaretti-nel-point-di-Forte.jpg\"><img loading=\"lazy\" decoding=\"async\" class=\"aligncenter size-thumbnail wp-image-176888\" src=\"http:\/\/www.radioluna.it\/news\/wp-content\/uploads\/2016\/04\/Forte-e-Zingaretti-nel-point-di-Forte-689x458.jpg\" alt=\"Forte e Zingaretti nel point di Forte\" width=\"689\" height=\"458\" srcset=\"https:\/\/www.radioluna.it\/news\/wp-content\/uploads\/2016\/04\/Forte-e-Zingaretti-nel-point-di-Forte-689x458.jpg 689w, https:\/\/www.radioluna.it\/news\/wp-content\/uploads\/2016\/04\/Forte-e-Zingaretti-nel-point-di-Forte-768x511.jpg 768w, https:\/\/www.radioluna.it\/news\/wp-content\/uploads\/2016\/04\/Forte-e-Zingaretti-nel-point-di-Forte-500x333.jpg 500w, https:\/\/www.radioluna.it\/news\/wp-content\/uploads\/2016\/04\/Forte-e-Zingaretti-nel-point-di-Forte-600x400.jpg 600w, https:\/\/www.radioluna.it\/news\/wp-content\/uploads\/2016\/04\/Forte-e-Zingaretti-nel-point-di-Forte-300x200.jpg 300w, https:\/\/www.radioluna.it\/news\/wp-content\/uploads\/2016\/04\/Forte-e-Zingaretti-nel-point-di-Forte.jpg 800w\" sizes=\"auto, (max-width: 689px) 100vw, 689px\" \/><\/a>LATINA<\/strong> &#8211; Nicola Zingaretti torna a Latina oggi (marted\u00ec 19 aprile) per l\u2019incontro \u2018La Regione per Latina\u2019 organizzato con il candidato sindaco Enrico Forte. Appuntamento alle 17 nell&#8217;ex Garage Ruspi in largo Giovanni XXIII: &#8220;Un luogo \u00a0&#8211; spiega Forte &#8211; che ho voluto fortemente perch\u00e9 a Latina, quando sar\u00f2 Sindaco, restituir\u00f2 tutti gli spazi non utilizzati, conferendo loro una nuova luce ed un nuovo impulso. La citt\u00e0 ripartir\u00e0 all\u2019insegna della \u2018rigenerazione\u2019: ci\u00f2 che abbiamo \u00e8 tantissimo, un patrimonio che dobbiamo imparare a usarlo meglio, lasciandoci alle spalle il concetto che, per fare qualsiasi cosa a Latina, si debba per forza chiedere un favore a qualcuno&#8221;.<br \/>\nDal canto suo Zingaretti illustrer\u00e0 quali sono le iniziative della Regione per Latina. &#8220;Con il Pd e con le liste che mi sostengono \u00e8 cominciato un viaggio entusiasmante che permettere a Latina, in discontinuit\u00e0 con il recente passato, di uscire dal pantano in cui \u00e8 piombata dopo pi\u00f9 di venti anni di mala amministrazione. Non vogliamo che Latina torni indietro, oggi pi\u00f9 che mai serve correre verso il futuro&#8221;, conclude Forte.<\/p>\n","protected":false},"excerpt":{"rendered":"<p>LATINA &#8211; Nicola Zingaretti torna a Latina oggi (marted\u00ec 19 aprile) per l\u2019incontro \u2018La Regione per Latina\u2019 organizzato con il candidato sindaco Enrico Forte. Appuntamento alle 17 nell&#8217;ex Garage Ruspi in largo Giovanni XXIII: &#8220;Un luogo \u00a0&#8211; spiega Forte &#8211; che ho voluto fortemente perch\u00e9 a Latina, quando sar\u00f2 Sindaco, restituir\u00f2 tutti gli spazi non [&hellip;]<\/p>\n","protected":false},"author":62,"featured_media":176888,"comment_status":"open","ping_status":"closed","sticky":false,"template":"","format":"standard","meta":{"footnotes":""},"categories":[8],"tags":[],"class_list":["post-176887","post","type-post","status-publish","format-standard","has-post-thumbnail","hentry","category-politica"],"_links":{"self":[{"href":"https:\/\/www.radioluna.it\/news\/wp-json\/wp\/v2\/posts\/176887","targetHints":{"allow":["GET"]}}],"collection":[{"href":"https:\/\/www.radioluna.it\/news\/wp-json\/wp\/v2\/posts"}],"about":[{"href":"https:\/\/www.radioluna.it\/news\/wp-json\/wp\/v2\/types\/post"}],"author":[{"embeddable":true,"href":"https:\/\/www.radioluna.it\/news\/wp-json\/wp\/v2\/users\/62"}],"replies":[{"embeddable":true,"href":"https:\/\/www.radioluna.it\/news\/wp-json\/wp\/v2\/comments?post=176887"}],"version-history":[{"count":0,"href":"https:\/\/www.radioluna.it\/news\/wp-json\/wp\/v2\/posts\/176887\/revisions"}],"wp:featuredmedia":[{"embeddable":true,"href":"https:\/\/www.radioluna.it\/news\/wp-json\/wp\/v2\/media\/176888"}],"wp:attachment":[{"href":"https:\/\/www.radioluna.it\/news\/wp-json\/wp\/v2\/media?parent=176887"}],"wp:term":[{"taxonomy":"category","embeddable":true,"href":"https:\/\/www.radioluna.it\/news\/wp-json\/wp\/v2\/categories?post=176887"},{"taxonomy":"post_tag","embeddable":true,"href":"https:\/\/www.radioluna.it\/news\/wp-json\/wp\/v2\/tags?post=176887"}],"curies":[{"name":"wp","href":"https:\/\/api.w.org\/{rel}","templated":true}]}}