{"id":176924,"date":"2016-04-20T08:31:21","date_gmt":"2016-04-20T06:31:21","guid":{"rendered":"http:\/\/www.radioluna.it\/news\/?p=176924"},"modified":"2016-04-20T08:31:21","modified_gmt":"2016-04-20T06:31:21","slug":"incendio-ad-aprilia-in-fumo-un-capanno-per-attrezzi-agricoli","status":"publish","type":"post","link":"https:\/\/www.radioluna.it\/news\/2016\/04\/incendio-ad-aprilia-in-fumo-un-capanno-per-attrezzi-agricoli\/","title":{"rendered":"Incendio ad Aprilia, in fumo un capanno per attrezzi agricoli"},"content":{"rendered":"<div id=\"fb-root\"><\/div>\n<p style=\"text-align: justify;\"><a href=\"http:\/\/www.radioluna.it\/news\/wp-content\/uploads\/2016\/04\/incendio.jpg\"><img loading=\"lazy\" decoding=\"async\" class=\"aligncenter size-thumbnail wp-image-176925\" src=\"http:\/\/www.radioluna.it\/news\/wp-content\/uploads\/2016\/04\/incendio-689x517.jpg\" alt=\"incendio\" width=\"689\" height=\"517\" srcset=\"https:\/\/www.radioluna.it\/news\/wp-content\/uploads\/2016\/04\/incendio-689x517.jpg 689w, https:\/\/www.radioluna.it\/news\/wp-content\/uploads\/2016\/04\/incendio-768x576.jpg 768w, https:\/\/www.radioluna.it\/news\/wp-content\/uploads\/2016\/04\/incendio-500x375.jpg 500w, https:\/\/www.radioluna.it\/news\/wp-content\/uploads\/2016\/04\/incendio-300x225.jpg 300w, https:\/\/www.radioluna.it\/news\/wp-content\/uploads\/2016\/04\/incendio-1024x768.jpg 1024w, https:\/\/www.radioluna.it\/news\/wp-content\/uploads\/2016\/04\/incendio-800x600.jpg 800w, https:\/\/www.radioluna.it\/news\/wp-content\/uploads\/2016\/04\/incendio.jpg 1000w\" sizes=\"auto, (max-width: 689px) 100vw, 689px\" \/><\/a>APRILIA &#8211; I vigili del fuoco\u00a0del distaccamento di Aprilia sono \u00a0intervenuti, alle 3 di questa mattina nella zona di La Cogna ad Aprilia per un incendio che ha divorato un capanno utilizzato per il ricovero di attrezzi agricoli e un deposito di legna. Le fiamme si sono levate alte e all&#8217;arrivo dei pompieri il rogo \u00e8 stato domato, ma non \u00e8 stato possibile risalire alle cause. Nessuna persona \u00e8 rimasta\u00a0coinvolta.<\/p>\n","protected":false},"excerpt":{"rendered":"<p>APRILIA &#8211; I vigili del fuoco\u00a0del distaccamento di Aprilia sono \u00a0intervenuti, alle 3 di questa mattina nella zona di La Cogna ad Aprilia per un incendio che ha divorato un capanno utilizzato per il ricovero di attrezzi agricoli e un deposito di legna. Le fiamme si sono levate alte e all&#8217;arrivo dei pompieri il rogo [&hellip;]<\/p>\n","protected":false},"author":62,"featured_media":176925,"comment_status":"open","ping_status":"closed","sticky":false,"template":"","format":"standard","meta":{"footnotes":""},"categories":[7],"tags":[],"class_list":["post-176924","post","type-post","status-publish","format-standard","has-post-thumbnail","hentry","category-cronaca"],"_links":{"self":[{"href":"https:\/\/www.radioluna.it\/news\/wp-json\/wp\/v2\/posts\/176924","targetHints":{"allow":["GET"]}}],"collection":[{"href":"https:\/\/www.radioluna.it\/news\/wp-json\/wp\/v2\/posts"}],"about":[{"href":"https:\/\/www.radioluna.it\/news\/wp-json\/wp\/v2\/types\/post"}],"author":[{"embeddable":true,"href":"https:\/\/www.radioluna.it\/news\/wp-json\/wp\/v2\/users\/62"}],"replies":[{"embeddable":true,"href":"https:\/\/www.radioluna.it\/news\/wp-json\/wp\/v2\/comments?post=176924"}],"version-history":[{"count":0,"href":"https:\/\/www.radioluna.it\/news\/wp-json\/wp\/v2\/posts\/176924\/revisions"}],"wp:featuredmedia":[{"embeddable":true,"href":"https:\/\/www.radioluna.it\/news\/wp-json\/wp\/v2\/media\/176925"}],"wp:attachment":[{"href":"https:\/\/www.radioluna.it\/news\/wp-json\/wp\/v2\/media?parent=176924"}],"wp:term":[{"taxonomy":"category","embeddable":true,"href":"https:\/\/www.radioluna.it\/news\/wp-json\/wp\/v2\/categories?post=176924"},{"taxonomy":"post_tag","embeddable":true,"href":"https:\/\/www.radioluna.it\/news\/wp-json\/wp\/v2\/tags?post=176924"}],"curies":[{"name":"wp","href":"https:\/\/api.w.org\/{rel}","templated":true}]}}