{"id":176937,"date":"2016-04-20T14:20:10","date_gmt":"2016-04-20T12:20:10","guid":{"rendered":"http:\/\/www.radioluna.it\/news\/?p=176937"},"modified":"2016-04-20T14:20:10","modified_gmt":"2016-04-20T12:20:10","slug":"latina-calcutta-canta-per-la-sua-citta","status":"publish","type":"post","link":"https:\/\/www.radioluna.it\/news\/2016\/04\/latina-calcutta-canta-per-la-sua-citta\/","title":{"rendered":"Latina, Calcutta canta per la sua citt\u00e0"},"content":{"rendered":"<div id=\"fb-root\"><\/div>\n<div id=\"attachment_176939\" style=\"width: 699px\" class=\"wp-caption aligncenter\"><a href=\"http:\/\/www.radioluna.it\/news\/wp-content\/uploads\/2016\/04\/Calcutta.jpg\"><img loading=\"lazy\" decoding=\"async\" aria-describedby=\"caption-attachment-176939\" class=\"size-thumbnail wp-image-176939\" src=\"http:\/\/www.radioluna.it\/news\/wp-content\/uploads\/2016\/04\/Calcutta-689x517.jpg\" alt=\"Calcutta\" width=\"689\" height=\"517\" srcset=\"https:\/\/www.radioluna.it\/news\/wp-content\/uploads\/2016\/04\/Calcutta-689x517.jpg 689w, https:\/\/www.radioluna.it\/news\/wp-content\/uploads\/2016\/04\/Calcutta-768x576.jpg 768w, https:\/\/www.radioluna.it\/news\/wp-content\/uploads\/2016\/04\/Calcutta-500x375.jpg 500w, https:\/\/www.radioluna.it\/news\/wp-content\/uploads\/2016\/04\/Calcutta-300x225.jpg 300w, https:\/\/www.radioluna.it\/news\/wp-content\/uploads\/2016\/04\/Calcutta-1024x768.jpg 1024w, https:\/\/www.radioluna.it\/news\/wp-content\/uploads\/2016\/04\/Calcutta-800x600.jpg 800w, https:\/\/www.radioluna.it\/news\/wp-content\/uploads\/2016\/04\/Calcutta.jpg 1000w\" sizes=\"auto, (max-width: 689px) 100vw, 689px\" \/><\/a><p id=\"caption-attachment-176939\" class=\"wp-caption-text\">Calcutta<\/p><\/div>\n<p style=\"text-align: justify;\"><strong>LATINA<\/strong> &#8211;\u00a0\u00c8 tutto esaurito per il concerto di Calcutta che si terr\u00e0 venerd\u00ec 22 aprile al Palaroller di Via Maira. Terminati i biglietti in prevendita presso Vinileria, tante le richieste arrivate anche da fuori provincia, soprattutto da Roma per ascoltare il latinense Edoardo D&#8217;Erme che ha fatto fortuna fuori provincia. La rassegna entra dunque nel vivo gi\u00e0 nell\u2019ultima giornata di anteprima schierando uno dei pezzi grossi della quinta edizione che si aprir\u00e0 ufficialmente il 23 aprile.<br \/>\n\u00abCrediamo che un artista di Latina che gira l\u2019Italia, vince premi, vende tanti dischi possa rilanciare la scena culturale della citt\u00e0\u00bb sottolinea il direttore artistico, Renato Chiocca.<\/p>\n<p style=\"text-align: justify;\">Il cantautore pontino sta incontrando tanti fan in tutta Italia, la tappa a Lievito \u00e8 tra quelle del tour partito a dicembre e proseguito con date quasi tutte sold out in molte citt\u00e0 dello Stivale cantando di\u00a0amori finiti male, abitudini provinciali, piccole cose in cui tanti giovani possono riconoscersi.<br \/>\n&#8220;Due dischi all\u2019attivo e ammiratori che crescono giorno dopo giorno, Calcutta \u00e8 esempio emblematico di caso nato dal basso &#8211; dicono da Rinascita Civile che promuove la rassegna.<\/p>\n<p style=\"text-align: justify;\">La storia di questo giovane cantautore pontino inizia a Latina esibendosi con piccole band, dal 2011 suona in lungo e in largo per la penisola, in pub, scantinati, a casa della gente. Nel 2012 incide il suo primo disco, \u201cForse\u201d, ed \u00e8 il disco che segna la svolta. Nel giro di tre anni Calcutta si afferma sul mercato discografico mainstream e diventa un fenomeno, senza l\u2019aiuto di alcun talent. Il titolo del suo ultimo album, \u201cMainstream\u201d, disco pop uscito a novembre scorso per Bomba Dischi. Il singolo che l\u2019ha lanciato, \u201cCosa mi manchi a fare\u201d, gira sulle radio nazionali e fa breccia nel cuore degli adolescenti e non solo. Il video del pezzo raccoglie in meno di un mese migliaia di visualizzazioni su Youtube.<\/p>\n<div class=\"radio-posizionamento-telefono-in-articoli-dopo-il-contenuto-articolo radio-entity-placement\" id=\"radio-390903134\"><div id=\"radio-368737347\"><a href=\"https:\/\/www.simeoneceramiche.com\/\" aria-label=\"SIMEONE CERAMICHE GIF animata per radioluna_Tavola disegno 1 copia 2 (online-video-cutter.com)\"><img loading=\"lazy\" decoding=\"async\" src=\"https:\/\/www.radioluna.it\/news\/wp-content\/uploads\/2025\/05\/SIMEONE-CERAMICHE-GIF-animata-per-radioluna_Tavola-disegno-1-copia-2-online-video-cutter.com_.gif\" alt=\"\"  width=\"300\" height=\"250\"   \/><\/a><\/div><\/div>","protected":false},"excerpt":{"rendered":"<p>LATINA &#8211;\u00a0\u00c8 tutto esaurito per il concerto di Calcutta che si terr\u00e0 venerd\u00ec 22 aprile al Palaroller di Via Maira. Terminati i biglietti in prevendita presso Vinileria, tante le richieste arrivate anche da fuori provincia, soprattutto da Roma per ascoltare il latinense Edoardo D&#8217;Erme che ha fatto fortuna fuori provincia. La rassegna entra dunque nel [&hellip;]<\/p>\n","protected":false},"author":62,"featured_media":176939,"comment_status":"open","ping_status":"closed","sticky":false,"template":"","format":"standard","meta":{"footnotes":""},"categories":[16],"tags":[],"class_list":["post-176937","post","type-post","status-publish","format-standard","has-post-thumbnail","hentry","category-appuntamenti"],"_links":{"self":[{"href":"https:\/\/www.radioluna.it\/news\/wp-json\/wp\/v2\/posts\/176937","targetHints":{"allow":["GET"]}}],"collection":[{"href":"https:\/\/www.radioluna.it\/news\/wp-json\/wp\/v2\/posts"}],"about":[{"href":"https:\/\/www.radioluna.it\/news\/wp-json\/wp\/v2\/types\/post"}],"author":[{"embeddable":true,"href":"https:\/\/www.radioluna.it\/news\/wp-json\/wp\/v2\/users\/62"}],"replies":[{"embeddable":true,"href":"https:\/\/www.radioluna.it\/news\/wp-json\/wp\/v2\/comments?post=176937"}],"version-history":[{"count":0,"href":"https:\/\/www.radioluna.it\/news\/wp-json\/wp\/v2\/posts\/176937\/revisions"}],"wp:featuredmedia":[{"embeddable":true,"href":"https:\/\/www.radioluna.it\/news\/wp-json\/wp\/v2\/media\/176939"}],"wp:attachment":[{"href":"https:\/\/www.radioluna.it\/news\/wp-json\/wp\/v2\/media?parent=176937"}],"wp:term":[{"taxonomy":"category","embeddable":true,"href":"https:\/\/www.radioluna.it\/news\/wp-json\/wp\/v2\/categories?post=176937"},{"taxonomy":"post_tag","embeddable":true,"href":"https:\/\/www.radioluna.it\/news\/wp-json\/wp\/v2\/tags?post=176937"}],"curies":[{"name":"wp","href":"https:\/\/api.w.org\/{rel}","templated":true}]}}