{"id":176966,"date":"2016-04-21T08:53:54","date_gmt":"2016-04-21T06:53:54","guid":{"rendered":"http:\/\/www.radioluna.it\/news\/?p=176966"},"modified":"2016-04-21T08:53:54","modified_gmt":"2016-04-21T06:53:54","slug":"incendio-al-conad-di-aprilia-danni-ingenti","status":"publish","type":"post","link":"https:\/\/www.radioluna.it\/news\/2016\/04\/incendio-al-conad-di-aprilia-danni-ingenti\/","title":{"rendered":"Incendio al Conad di Aprilia, danni ingenti"},"content":{"rendered":"<div id=\"fb-root\"><\/div>\n<p style=\"text-align: justify;\"><a href=\"http:\/\/www.radioluna.it\/news\/wp-content\/uploads\/2016\/04\/VIGILI.jpg\"><img loading=\"lazy\" decoding=\"async\" class=\"aligncenter size-thumbnail wp-image-176967\" src=\"http:\/\/www.radioluna.it\/news\/wp-content\/uploads\/2016\/04\/VIGILI-689x517.jpg\" alt=\"VIGILI\" width=\"689\" height=\"517\" srcset=\"https:\/\/www.radioluna.it\/news\/wp-content\/uploads\/2016\/04\/VIGILI-689x517.jpg 689w, https:\/\/www.radioluna.it\/news\/wp-content\/uploads\/2016\/04\/VIGILI-768x576.jpg 768w, https:\/\/www.radioluna.it\/news\/wp-content\/uploads\/2016\/04\/VIGILI-500x375.jpg 500w, https:\/\/www.radioluna.it\/news\/wp-content\/uploads\/2016\/04\/VIGILI-300x225.jpg 300w, https:\/\/www.radioluna.it\/news\/wp-content\/uploads\/2016\/04\/VIGILI-1024x768.jpg 1024w, https:\/\/www.radioluna.it\/news\/wp-content\/uploads\/2016\/04\/VIGILI-800x600.jpg 800w, https:\/\/www.radioluna.it\/news\/wp-content\/uploads\/2016\/04\/VIGILI.jpg 1000w\" sizes=\"auto, (max-width: 689px) 100vw, 689px\" \/><\/a><strong>APRILIA<\/strong> &#8211; Un incendio si \u00e8 sviluppato nella notte all&#8217;interno del Conad di via Ugo La Malfa ad Aprilia. Era mezzanotte e mezza circa quando \u00e8 scattato l&#8217;allarme al 115 e la squadra dei\u00a0vigili del fuoco 7 A del distaccamento di Aprilia \u00e8\u00a0 intervenuta sul posto. Le fiamme, concentrate nell&#8217;area del supermercato in cui si trovano i frigoriferi, sono state rapidamente domate dai pompieri, ma i danni sono sono ingenti. Il rogo con ogni probabilit\u00e0 \u00e8 stato causato da un guasto elettrico imprevedibile. Nessuno \u00e8 rimasto coinvolto.<\/p>\n","protected":false},"excerpt":{"rendered":"<p>APRILIA &#8211; Un incendio si \u00e8 sviluppato nella notte all&#8217;interno del Conad di via Ugo La Malfa ad Aprilia. Era mezzanotte e mezza circa quando \u00e8 scattato l&#8217;allarme al 115 e la squadra dei\u00a0vigili del fuoco 7 A del distaccamento di Aprilia \u00e8\u00a0 intervenuta sul posto. Le fiamme, concentrate nell&#8217;area del supermercato in cui si [&hellip;]<\/p>\n","protected":false},"author":62,"featured_media":176967,"comment_status":"open","ping_status":"closed","sticky":false,"template":"","format":"standard","meta":{"footnotes":""},"categories":[7],"tags":[],"class_list":["post-176966","post","type-post","status-publish","format-standard","has-post-thumbnail","hentry","category-cronaca"],"_links":{"self":[{"href":"https:\/\/www.radioluna.it\/news\/wp-json\/wp\/v2\/posts\/176966","targetHints":{"allow":["GET"]}}],"collection":[{"href":"https:\/\/www.radioluna.it\/news\/wp-json\/wp\/v2\/posts"}],"about":[{"href":"https:\/\/www.radioluna.it\/news\/wp-json\/wp\/v2\/types\/post"}],"author":[{"embeddable":true,"href":"https:\/\/www.radioluna.it\/news\/wp-json\/wp\/v2\/users\/62"}],"replies":[{"embeddable":true,"href":"https:\/\/www.radioluna.it\/news\/wp-json\/wp\/v2\/comments?post=176966"}],"version-history":[{"count":0,"href":"https:\/\/www.radioluna.it\/news\/wp-json\/wp\/v2\/posts\/176966\/revisions"}],"wp:featuredmedia":[{"embeddable":true,"href":"https:\/\/www.radioluna.it\/news\/wp-json\/wp\/v2\/media\/176967"}],"wp:attachment":[{"href":"https:\/\/www.radioluna.it\/news\/wp-json\/wp\/v2\/media?parent=176966"}],"wp:term":[{"taxonomy":"category","embeddable":true,"href":"https:\/\/www.radioluna.it\/news\/wp-json\/wp\/v2\/categories?post=176966"},{"taxonomy":"post_tag","embeddable":true,"href":"https:\/\/www.radioluna.it\/news\/wp-json\/wp\/v2\/tags?post=176966"}],"curies":[{"name":"wp","href":"https:\/\/api.w.org\/{rel}","templated":true}]}}