{"id":177030,"date":"2016-04-22T16:18:22","date_gmt":"2016-04-22T14:18:22","guid":{"rendered":"http:\/\/www.radioluna.it\/news\/?p=177030"},"modified":"2016-04-22T16:18:22","modified_gmt":"2016-04-22T14:18:22","slug":"calvi-latina-modello-per-il-welfare-nel-lazio-e-in-italia","status":"publish","type":"post","link":"https:\/\/www.radioluna.it\/news\/2016\/04\/calvi-latina-modello-per-il-welfare-nel-lazio-e-in-italia\/","title":{"rendered":"Calvi: &#8220;Latina modello per il welfare nel Lazio e in Italia&#8221;"},"content":{"rendered":"<div id=\"fb-root\"><\/div>\n<p style=\"text-align: justify;\"><strong><a href=\"http:\/\/www.radioluna.it\/news\/wp-content\/uploads\/2016\/04\/calvi.jpg\"><img loading=\"lazy\" decoding=\"async\" class=\"aligncenter size-thumbnail wp-image-176606\" src=\"http:\/\/www.radioluna.it\/news\/wp-content\/uploads\/2016\/04\/calvi-689x1036.jpg\" alt=\"calvi\" width=\"689\" height=\"1036\" srcset=\"https:\/\/www.radioluna.it\/news\/wp-content\/uploads\/2016\/04\/calvi-689x1036.jpg 689w, https:\/\/www.radioluna.it\/news\/wp-content\/uploads\/2016\/04\/calvi-768x1155.jpg 768w, https:\/\/www.radioluna.it\/news\/wp-content\/uploads\/2016\/04\/calvi-500x752.jpg 500w, https:\/\/www.radioluna.it\/news\/wp-content\/uploads\/2016\/04\/calvi-200x300.jpg 200w, https:\/\/www.radioluna.it\/news\/wp-content\/uploads\/2016\/04\/calvi-681x1024.jpg 681w, https:\/\/www.radioluna.it\/news\/wp-content\/uploads\/2016\/04\/calvi-800x1203.jpg 800w, https:\/\/www.radioluna.it\/news\/wp-content\/uploads\/2016\/04\/calvi-300x451.jpg 300w, https:\/\/www.radioluna.it\/news\/wp-content\/uploads\/2016\/04\/calvi.jpg 1000w\" sizes=\"auto, (max-width: 689px) 100vw, 689px\" \/><\/a>LATINA &#8211;\u00a0<\/strong>\u201cLatina deve diventare un modello per il welfare nel Lazio e in Italia\u201d. Questo \u00e8 l\u2019obiettivo che il candidato sindaco di Forza Italia intende raggiungere. Questo sar\u00e0 tra i primissimi progetti che intende realizzare per dare al Comune di Latina e alla citt\u00e0 quel nuovo corso che si attende da troppo tempo.\u00a0Su come perseguire questi obiettivi, il candidato sindaco di Latina di Forza Italia \u00e8 chiaro e diretto. &#8220;Il nostro programma \u2013 spiega Alessandro Calvi \u2013 prevede la realizzazione del progetto del \u201cdopo di noi\u201d\u00a0dedicato alle persone con disabilit\u00e0 e alle loro famiglie con l\u2019obiettivo di dare loro la certezza di un futuro fatto di servizi, di sostegno, partendo dalla definizione di un programma di interventi che possa accompagnarli ogni giorno nelle singole tappe della loro vita. Inoltre\u00a0 abbiamo intenzione di realizzare\u00a0un Centro Notturno, grazie ad un finanziamento di 50 mila euro in un anno messo a disposizione dalla Fondazione Roma-Terzo Settore, presso il centro Le Tamerici, che dar\u00e0 cos\u00ec respiro nel fine settimana a tutte le famiglie che hanno a carico figli con disabilit\u00e0. Ma queste sono solo alcune priorit\u00e0 sulle quali mi auguro si possano trovare la massima convergenza e confronto con tutti coloro che intendano, con noi, concretamente dare un volto e una identit\u00e0 nuova a Latina. Il sociale per noi non \u00e8 uno slogan. Non \u00e8 un punto su un programma elettorale. E\u2019 una tappa da raggiungere con il contributo di tutti. Una buona amministrazione per essere tale deve partire da questo, devi misurarsi con la capacit\u00e0 di dare eguale dignit\u00e0 e pari diritti \u00a0a tutti partendo dalle persone pi\u00f9 fragili, dalle persone con disabilit\u00e0, al fine di incrementare il loro benessere e aumentare in maniera esponenziale la consapevolezza dei benefici che derivano dall&#8217;integrazione delle persone con esigenze specifiche in ogni aspetto della vita quotidiana. Coinvolgere, supportare, integrare, queste le parole chiave per poter migliorare la condizione di vita delle persone disabili e delle loro famiglie, spesso lasciate sole. E in un momento come questo, di grande crisi economica, \u00e8 indispensabile fornire un sostegno concreto a chi si trova in una condizione di svantaggio\u201d.<\/p>\n<p style=\"text-align: justify;\">Lo dichiara in una nota il candidato sindaco di Forza Italia, Alessandro Calvi<\/p>\n","protected":false},"excerpt":{"rendered":"<p>LATINA &#8211;\u00a0\u201cLatina deve diventare un modello per il welfare nel Lazio e in Italia\u201d. Questo \u00e8 l\u2019obiettivo che il candidato sindaco di Forza Italia intende raggiungere. Questo sar\u00e0 tra i primissimi progetti che intende realizzare per dare al Comune di Latina e alla citt\u00e0 quel nuovo corso che si attende da troppo tempo.\u00a0Su come perseguire [&hellip;]<\/p>\n","protected":false},"author":60,"featured_media":176606,"comment_status":"open","ping_status":"closed","sticky":false,"template":"","format":"standard","meta":{"footnotes":""},"categories":[8],"tags":[],"class_list":["post-177030","post","type-post","status-publish","format-standard","has-post-thumbnail","hentry","category-politica"],"_links":{"self":[{"href":"https:\/\/www.radioluna.it\/news\/wp-json\/wp\/v2\/posts\/177030","targetHints":{"allow":["GET"]}}],"collection":[{"href":"https:\/\/www.radioluna.it\/news\/wp-json\/wp\/v2\/posts"}],"about":[{"href":"https:\/\/www.radioluna.it\/news\/wp-json\/wp\/v2\/types\/post"}],"author":[{"embeddable":true,"href":"https:\/\/www.radioluna.it\/news\/wp-json\/wp\/v2\/users\/60"}],"replies":[{"embeddable":true,"href":"https:\/\/www.radioluna.it\/news\/wp-json\/wp\/v2\/comments?post=177030"}],"version-history":[{"count":0,"href":"https:\/\/www.radioluna.it\/news\/wp-json\/wp\/v2\/posts\/177030\/revisions"}],"wp:featuredmedia":[{"embeddable":true,"href":"https:\/\/www.radioluna.it\/news\/wp-json\/wp\/v2\/media\/176606"}],"wp:attachment":[{"href":"https:\/\/www.radioluna.it\/news\/wp-json\/wp\/v2\/media?parent=177030"}],"wp:term":[{"taxonomy":"category","embeddable":true,"href":"https:\/\/www.radioluna.it\/news\/wp-json\/wp\/v2\/categories?post=177030"},{"taxonomy":"post_tag","embeddable":true,"href":"https:\/\/www.radioluna.it\/news\/wp-json\/wp\/v2\/tags?post=177030"}],"curies":[{"name":"wp","href":"https:\/\/api.w.org\/{rel}","templated":true}]}}