{"id":177035,"date":"2016-04-22T16:29:38","date_gmt":"2016-04-22T14:29:38","guid":{"rendered":"http:\/\/www.radioluna.it\/news\/?p=177035"},"modified":"2016-04-22T16:29:38","modified_gmt":"2016-04-22T14:29:38","slug":"forte-creare-lo-sportello-comunale-film-commission","status":"publish","type":"post","link":"https:\/\/www.radioluna.it\/news\/2016\/04\/forte-creare-lo-sportello-comunale-film-commission\/","title":{"rendered":"Forte: &#8220;Creare lo sportello comunale film commission&#8221;"},"content":{"rendered":"<div id=\"fb-root\"><\/div>\n<p style=\"text-align: justify;\"><strong><a href=\"http:\/\/www.radioluna.it\/news\/wp-content\/uploads\/2015\/11\/enrico-Forte.jpg\"><img loading=\"lazy\" decoding=\"async\" class=\"aligncenter size-thumbnail wp-image-171083\" src=\"http:\/\/www.radioluna.it\/news\/wp-content\/uploads\/2015\/11\/enrico-Forte-635x422.jpg\" alt=\"enrico Forte\" width=\"635\" height=\"422\" srcset=\"https:\/\/www.radioluna.it\/news\/wp-content\/uploads\/2015\/11\/enrico-Forte-635x422.jpg 635w, https:\/\/www.radioluna.it\/news\/wp-content\/uploads\/2015\/11\/enrico-Forte-768x511.jpg 768w, https:\/\/www.radioluna.it\/news\/wp-content\/uploads\/2015\/11\/enrico-Forte-500x333.jpg 500w, https:\/\/www.radioluna.it\/news\/wp-content\/uploads\/2015\/11\/enrico-Forte-600x400.jpg 600w, https:\/\/www.radioluna.it\/news\/wp-content\/uploads\/2015\/11\/enrico-Forte-300x200.jpg 300w, https:\/\/www.radioluna.it\/news\/wp-content\/uploads\/2015\/11\/enrico-Forte.jpg 800w\" sizes=\"auto, (max-width: 635px) 100vw, 635px\" \/><\/a>LATINA &#8211;<\/strong> Latina deve puntare sull\u2019industria culturale e creativa: oggi, in un momento di conclamata crisi economica, in Italia sono questi gli unici settori che fa segnare un trend positivo, e la nostra citt\u00e0 ha tutte le carte in regola per diventare il motore creativo e innovativo dell\u2019intera provincia. Esiste oggi un segmento vivace, ricco di professionalit\u00e0 e in grado di veicolare le caratteristiche del nostro territorio nel mondo: si tratta dell\u2019industria cinematografica che, attraverso la Film Commission, attrae tantissime produzioni sul nostro territorio. Ricordiamo, solo per citarne una, quella recente di Michele Placido che ha \u2018occupato\u2019 il calzificio di Latina Scalo per girare il suo ultimo film: eventi che creano occupazione, arricchiscono il nostro territorio che pu\u00f2 offrire set a cielo aperto &#8211; e non solo &#8211; in qualsiasi stagione dell\u2019anno, tra collina e mare.<\/p>\n<p style=\"text-align: justify;\">Ho incontrato proprio di recente i rappresentanti della Film commission di Latina che mi hanno raccontato\u00a0 da un lato del grande successo\u00a0 riscosso negli ultimi anni, dall\u2019altro dalla necessit\u00e0 di costruire una filiera istituzionale\u00a0 che metta al\u00a0 centro il Comune capoluogo e gli altri della provincia per far funzionare al meglio la struttura stessa.<\/p>\n<p style=\"text-align: justify;\">Le difficolt\u00e0 incontrate sino ad oggi\u00a0 rischiano di allontanare le produzioni a discapito dell\u2019occupazione, e non consentono di progettare iniziative formative di cui si sente il bisogno.<\/p>\n<p style=\"text-align: justify;\">La mia idea, una volta diventato sindaco, \u00e8 quella di creare un ufficio comunale Film commission, creando cos\u00ec le migliori condizioni per assecondare lo sviluppo di un settore che pu\u00f2 lanciare Latina in un comparto dalle grandi potenzialit\u00e0 come quello del cinema e dei mestieri ad esso legati.<\/p>\n<p style=\"text-align: justify;\">Creato lo sportello si potr\u00e0 mettere un tassello sul progetto complessivo, ovvero quello di un hub creativo in grado di incentivare anche l\u2019attivit\u00e0 teatrale, gli artigiani e artisti digitali, insomma la tradizione e l\u2019innovazione a servizio dell\u2019industria creativa.<\/p>\n<p style=\"text-align: justify;\">Credo davvero che Latina\u00a0 meriti uno spazio come questo, potendosi giovare della vicinanza con Roma -che sta conoscendo un fiorire dell\u2019industria creativa e culturale &#8211; e da cui possono arrivare molte opportunit\u00e0 visti gli inferiori costi che il territorio pontino pu\u00f2 offrire.<\/p>\n<p>Lo dichiara il candidato sindaco del Pd Enrico Forte<\/p>\n","protected":false},"excerpt":{"rendered":"<p>LATINA &#8211; Latina deve puntare sull\u2019industria culturale e creativa: oggi, in un momento di conclamata crisi economica, in Italia sono questi gli unici settori che fa segnare un trend positivo, e la nostra citt\u00e0 ha tutte le carte in regola per diventare il motore creativo e innovativo dell\u2019intera provincia. Esiste oggi un segmento vivace, ricco [&hellip;]<\/p>\n","protected":false},"author":60,"featured_media":171083,"comment_status":"open","ping_status":"closed","sticky":false,"template":"","format":"standard","meta":{"footnotes":""},"categories":[8],"tags":[],"class_list":["post-177035","post","type-post","status-publish","format-standard","has-post-thumbnail","hentry","category-politica"],"_links":{"self":[{"href":"https:\/\/www.radioluna.it\/news\/wp-json\/wp\/v2\/posts\/177035","targetHints":{"allow":["GET"]}}],"collection":[{"href":"https:\/\/www.radioluna.it\/news\/wp-json\/wp\/v2\/posts"}],"about":[{"href":"https:\/\/www.radioluna.it\/news\/wp-json\/wp\/v2\/types\/post"}],"author":[{"embeddable":true,"href":"https:\/\/www.radioluna.it\/news\/wp-json\/wp\/v2\/users\/60"}],"replies":[{"embeddable":true,"href":"https:\/\/www.radioluna.it\/news\/wp-json\/wp\/v2\/comments?post=177035"}],"version-history":[{"count":0,"href":"https:\/\/www.radioluna.it\/news\/wp-json\/wp\/v2\/posts\/177035\/revisions"}],"wp:featuredmedia":[{"embeddable":true,"href":"https:\/\/www.radioluna.it\/news\/wp-json\/wp\/v2\/media\/171083"}],"wp:attachment":[{"href":"https:\/\/www.radioluna.it\/news\/wp-json\/wp\/v2\/media?parent=177035"}],"wp:term":[{"taxonomy":"category","embeddable":true,"href":"https:\/\/www.radioluna.it\/news\/wp-json\/wp\/v2\/categories?post=177035"},{"taxonomy":"post_tag","embeddable":true,"href":"https:\/\/www.radioluna.it\/news\/wp-json\/wp\/v2\/tags?post=177035"}],"curies":[{"name":"wp","href":"https:\/\/api.w.org\/{rel}","templated":true}]}}