{"id":177037,"date":"2016-04-22T16:42:55","date_gmt":"2016-04-22T14:42:55","guid":{"rendered":"http:\/\/www.radioluna.it\/news\/?p=177037"},"modified":"2016-04-22T16:42:55","modified_gmt":"2016-04-22T14:42:55","slug":"fanti-e-calandrini-incontrano-i-commercianti-della-zona-pub","status":"publish","type":"post","link":"https:\/\/www.radioluna.it\/news\/2016\/04\/fanti-e-calandrini-incontrano-i-commercianti-della-zona-pub\/","title":{"rendered":"Fanti e Calandrini incontrano i commercianti della zona pub"},"content":{"rendered":"<div id=\"fb-root\"><\/div>\n<p style=\"text-align: justify;\"><strong><a href=\"http:\/\/www.radioluna.it\/news\/wp-content\/uploads\/2016\/04\/Fanti-e-Calandrini-pub.jpg\"><img loading=\"lazy\" decoding=\"async\" class=\"aligncenter size-thumbnail wp-image-177038\" src=\"http:\/\/www.radioluna.it\/news\/wp-content\/uploads\/2016\/04\/Fanti-e-Calandrini-pub-689x517.jpg\" alt=\"Fanti e Calandrini pub\" width=\"689\" height=\"517\" \/><\/a>LATINA &#8211;<\/strong> Si \u00e8 conclusa nel primo pomeriggio la riunione tra il candidato sindaco del centrodestra Nicola Calandrini, i candidati al Consiglio comunale con Cuori Italiani Patrizia e Andrea Fanti, e i gestori dei locali della zona pub.<br \/>\n\u201cLa riunione \u00e8 stata molto proficua sotto diversi aspetti \u2013 spiega l\u2019Architetto Patrizia Fanti \u2013 a cominciare dalla loro disponibilit\u00e0 a costituirsi come Associazione per accelerare il processo di dialogo e soprattutto quelli pi\u00f9 operativi. Io e Andrea abbiamo assunto l\u2019impegno, qualora eletti, di portare in Consiglio, nel rispetto dei cittadini residenti, le istanze dei gestori che gi\u00e0 oggi hanno dimostrato la concreta volont\u00e0 di trovare soluzioni condivise all\u2019insegna della sicurezza, della qualit\u00e0 del servizio e della vivibilit\u00e0 della zona interessata, partendo dalla proposta di inibire il traffico dal venerd\u00ec sera alla domenica sera, rendendo quindi pedonale l\u2019area solo in quella fascia oraria.\u201d<br \/>\n\u201cI punti a cui siamo giunti riguardano l\u2019impegno di trovare \u2013 continua Andrea Fanti \u2013 la sinergia tra amministrazione e gestori finalizzata a garantire la sicurezza nel modo pi\u00f9 capillare possibile, per tutelare i frequentatori, i gestori stessi e i residenti, che hanno tutto il diritto di pretendere maggiori controlli. In questa direzione anche l\u2019obbligo assunto dagli esercenti di ripulire le strade per restituire in tempo reale la dignit\u00e0 alla zona. Infine abbiamo affrontato il tema dei gazebi, quindi della possibilit\u00e0 per i locali di espandersi a ridosso della propria saracinesca per aumentare, soprattutto nei mesi estivi, le sedute utili alla somministrazione, tenuto conto della chiusura del traffico nei suddetti giorni.\u201d<br \/>\n\u201cCredo che gli operatori della zona dei pub \u2013 commenta il candidato Sindaco Nicola Calandrini \u2013 debbano trovare una sola voce con cui interagire con l&#8217;amministrazione comunale, in modo che sia possibile un progetto integrato di sviluppo di questa area con la presenza di servizi comunali rispondenti alle vere esigenze degli stessi operatori e dei ragazzi. La zona dei pub \u00e8 un grande esempio di riuso urbano e se sar\u00f2 sindaco mi impegner\u00f2 per sostenere in tutti i modi il suo sviluppo garantendo anche i diritti di quanti in quell&#8217;area risiedono. La qualit\u00e0 della vita \u2013 conclude \u2013 non \u00e8 esclusiva di nessuno, e dobbiamo garantirla a tutti coloro che usano questo pezzo di citt\u00e0 sia per viverci, sia per lavorarci, sia per passarci il loro tempo libero\u201d.<\/p>\n","protected":false},"excerpt":{"rendered":"<p>LATINA &#8211; Si \u00e8 conclusa nel primo pomeriggio la riunione tra il candidato sindaco del centrodestra Nicola Calandrini, i candidati al Consiglio comunale con Cuori Italiani Patrizia e Andrea Fanti, e i gestori dei locali della zona pub. \u201cLa riunione \u00e8 stata molto proficua sotto diversi aspetti \u2013 spiega l\u2019Architetto Patrizia Fanti \u2013 a cominciare [&hellip;]<\/p>\n","protected":false},"author":60,"featured_media":0,"comment_status":"open","ping_status":"closed","sticky":false,"template":"","format":"standard","meta":{"footnotes":""},"categories":[8],"tags":[],"class_list":["post-177037","post","type-post","status-publish","format-standard","hentry","category-politica"],"_links":{"self":[{"href":"https:\/\/www.radioluna.it\/news\/wp-json\/wp\/v2\/posts\/177037","targetHints":{"allow":["GET"]}}],"collection":[{"href":"https:\/\/www.radioluna.it\/news\/wp-json\/wp\/v2\/posts"}],"about":[{"href":"https:\/\/www.radioluna.it\/news\/wp-json\/wp\/v2\/types\/post"}],"author":[{"embeddable":true,"href":"https:\/\/www.radioluna.it\/news\/wp-json\/wp\/v2\/users\/60"}],"replies":[{"embeddable":true,"href":"https:\/\/www.radioluna.it\/news\/wp-json\/wp\/v2\/comments?post=177037"}],"version-history":[{"count":0,"href":"https:\/\/www.radioluna.it\/news\/wp-json\/wp\/v2\/posts\/177037\/revisions"}],"wp:attachment":[{"href":"https:\/\/www.radioluna.it\/news\/wp-json\/wp\/v2\/media?parent=177037"}],"wp:term":[{"taxonomy":"category","embeddable":true,"href":"https:\/\/www.radioluna.it\/news\/wp-json\/wp\/v2\/categories?post=177037"},{"taxonomy":"post_tag","embeddable":true,"href":"https:\/\/www.radioluna.it\/news\/wp-json\/wp\/v2\/tags?post=177037"}],"curies":[{"name":"wp","href":"https:\/\/api.w.org\/{rel}","templated":true}]}}