{"id":177082,"date":"2016-04-23T17:52:20","date_gmt":"2016-04-23T15:52:20","guid":{"rendered":"http:\/\/www.radioluna.it\/news\/?p=177082"},"modified":"2016-04-23T21:34:37","modified_gmt":"2016-04-23T19:34:37","slug":"uno-scatto-di-felicita-auguri-a-nando-e-laura","status":"publish","type":"post","link":"https:\/\/www.radioluna.it\/news\/2016\/04\/uno-scatto-di-felicita-auguri-a-nando-e-laura\/","title":{"rendered":"Uno scatto di felicit\u00e0, auguri a Nando e Laura"},"content":{"rendered":"<div id=\"fb-root\"><\/div>\n<p><a href=\"http:\/\/www.radioluna.it\/news\/wp-content\/uploads\/2016\/04\/Ginnetti.jpg\"><img loading=\"lazy\" decoding=\"async\" class=\"aligncenter size-thumbnail wp-image-177083\" src=\"http:\/\/www.radioluna.it\/news\/wp-content\/uploads\/2016\/04\/Ginnetti-689x518.jpg\" alt=\"Ginnetti\" width=\"689\" height=\"518\" srcset=\"https:\/\/www.radioluna.it\/news\/wp-content\/uploads\/2016\/04\/Ginnetti-689x518.jpg 689w, https:\/\/www.radioluna.it\/news\/wp-content\/uploads\/2016\/04\/Ginnetti-768x578.jpg 768w, https:\/\/www.radioluna.it\/news\/wp-content\/uploads\/2016\/04\/Ginnetti-500x376.jpg 500w, https:\/\/www.radioluna.it\/news\/wp-content\/uploads\/2016\/04\/Ginnetti-300x226.jpg 300w, https:\/\/www.radioluna.it\/news\/wp-content\/uploads\/2016\/04\/Ginnetti-1024x770.jpg 1024w, https:\/\/www.radioluna.it\/news\/wp-content\/uploads\/2016\/04\/Ginnetti-800x602.jpg 800w, https:\/\/www.radioluna.it\/news\/wp-content\/uploads\/2016\/04\/Ginnetti.jpg 1000w\" sizes=\"auto, (max-width: 689px) 100vw, 689px\" \/><\/a><\/p>\n<p style=\"text-align: justify;\"><strong>CISTERNA<\/strong> &#8211; Di solito \u00e8 lui che scatta le foto e immortala i momenti pi\u00f9 belli e suggestivi di tante coppie, stavolta \u00e8 il contrario e alla fine il protagonista \u00e8 sempre lui: il fotografo Nando Ginnetti che oggi si \u00e8 sposato con Laura Capella nella chiesa di Sant&#8217;Oliva a Cori. A Nando e alla moglie gli auguri pi\u00f9 belli di Radioluna per una vita serena e felice proprio come in questa foto.<\/p>\n<div class=\"radio-posizionamento-telefono-in-articoli-dopo-il-contenuto-articolo radio-entity-placement\" id=\"radio-2201071170\"><div id=\"radio-1291585234\"><a href=\"https:\/\/grupporedi.it\/\" aria-label=\"Redi-Qr\"><img loading=\"lazy\" decoding=\"async\" src=\"https:\/\/www.radioluna.it\/news\/wp-content\/uploads\/2026\/03\/Redi-Qr.jpg\" alt=\"\"  srcset=\"https:\/\/www.radioluna.it\/news\/wp-content\/uploads\/2026\/03\/Redi-Qr.jpg 800w, https:\/\/www.radioluna.it\/news\/wp-content\/uploads\/2026\/03\/Redi-Qr-768x639.jpg 768w\" sizes=\"(max-width: 800px) 100vw, 800px\" width=\"300\" height=\"250\"   \/><\/a><\/div><\/div>","protected":false},"excerpt":{"rendered":"<p>CISTERNA &#8211; Di solito \u00e8 lui che scatta le foto e immortala i momenti pi\u00f9 belli e suggestivi di tante coppie, stavolta \u00e8 il contrario e alla fine il protagonista \u00e8 sempre lui: il fotografo Nando Ginnetti che oggi si \u00e8 sposato con Laura Capella nella chiesa di Sant&#8217;Oliva a Cori. A Nando e alla [&hellip;]<\/p>\n","protected":false},"author":60,"featured_media":177083,"comment_status":"open","ping_status":"closed","sticky":false,"template":"","format":"standard","meta":{"footnotes":""},"categories":[735],"tags":[],"class_list":["post-177082","post","type-post","status-publish","format-standard","has-post-thumbnail","hentry","category-attualita"],"_links":{"self":[{"href":"https:\/\/www.radioluna.it\/news\/wp-json\/wp\/v2\/posts\/177082","targetHints":{"allow":["GET"]}}],"collection":[{"href":"https:\/\/www.radioluna.it\/news\/wp-json\/wp\/v2\/posts"}],"about":[{"href":"https:\/\/www.radioluna.it\/news\/wp-json\/wp\/v2\/types\/post"}],"author":[{"embeddable":true,"href":"https:\/\/www.radioluna.it\/news\/wp-json\/wp\/v2\/users\/60"}],"replies":[{"embeddable":true,"href":"https:\/\/www.radioluna.it\/news\/wp-json\/wp\/v2\/comments?post=177082"}],"version-history":[{"count":0,"href":"https:\/\/www.radioluna.it\/news\/wp-json\/wp\/v2\/posts\/177082\/revisions"}],"wp:featuredmedia":[{"embeddable":true,"href":"https:\/\/www.radioluna.it\/news\/wp-json\/wp\/v2\/media\/177083"}],"wp:attachment":[{"href":"https:\/\/www.radioluna.it\/news\/wp-json\/wp\/v2\/media?parent=177082"}],"wp:term":[{"taxonomy":"category","embeddable":true,"href":"https:\/\/www.radioluna.it\/news\/wp-json\/wp\/v2\/categories?post=177082"},{"taxonomy":"post_tag","embeddable":true,"href":"https:\/\/www.radioluna.it\/news\/wp-json\/wp\/v2\/tags?post=177082"}],"curies":[{"name":"wp","href":"https:\/\/api.w.org\/{rel}","templated":true}]}}