{"id":177117,"date":"2016-04-26T13:28:47","date_gmt":"2016-04-26T11:28:47","guid":{"rendered":"http:\/\/www.radioluna.it\/news\/?p=177117"},"modified":"2016-04-26T18:48:07","modified_gmt":"2016-04-26T16:48:07","slug":"neri-marcore-intervista-spettacolo-al-moderno-di-latina","status":"publish","type":"post","link":"https:\/\/www.radioluna.it\/news\/2016\/04\/neri-marcore-intervista-spettacolo-al-moderno-di-latina\/","title":{"rendered":"Neri Marcor\u00e8, intervista-spettacolo al Moderno di Latina. Buona la prima"},"content":{"rendered":"<div id=\"fb-root\"><\/div>\n<p style=\"text-align: justify;\"><strong><a href=\"http:\/\/www.radioluna.it\/news\/wp-content\/uploads\/2016\/04\/neri-e-gianma.jpg\"><img loading=\"lazy\" decoding=\"async\" class=\"aligncenter size-thumbnail wp-image-177126\" src=\"http:\/\/www.radioluna.it\/news\/wp-content\/uploads\/2016\/04\/neri-e-gianma-689x459.jpg\" alt=\"neri e gianma\" width=\"689\" height=\"459\" srcset=\"https:\/\/www.radioluna.it\/news\/wp-content\/uploads\/2016\/04\/neri-e-gianma-689x459.jpg 689w, https:\/\/www.radioluna.it\/news\/wp-content\/uploads\/2016\/04\/neri-e-gianma-768x511.jpg 768w, https:\/\/www.radioluna.it\/news\/wp-content\/uploads\/2016\/04\/neri-e-gianma-500x333.jpg 500w, https:\/\/www.radioluna.it\/news\/wp-content\/uploads\/2016\/04\/neri-e-gianma-600x400.jpg 600w, https:\/\/www.radioluna.it\/news\/wp-content\/uploads\/2016\/04\/neri-e-gianma-300x200.jpg 300w, https:\/\/www.radioluna.it\/news\/wp-content\/uploads\/2016\/04\/neri-e-gianma-800x533.jpg 800w, https:\/\/www.radioluna.it\/news\/wp-content\/uploads\/2016\/04\/neri-e-gianma.jpg 960w\" sizes=\"auto, (max-width: 689px) 100vw, 689px\" \/><\/a>LATINA<\/strong> &#8211;\u00a0Trent&#8217;anni di vita artistica raccontati in un&#8217;intervista-spettacolo tra canzoni, sketch, filmati, letture e imitazioni. Tutto esaurito per Neri Marcor\u00e8 luned\u00ec sera al Teatro Moderno per la rassegna Lievito. L&#8217;attore marchigiano sul palcoscenico di Latina, al microfono di Gian Maurizio Foderaro ha ripercorso le tappe della sua prolifica carriera di artista eclettico, reinterpretando le migliori performance, dagli esordi fino ai nostri giorni condite da racconti di vita. Uno spettacolo nato e cucito su misura per il festival di Rinascita Civile: &#8220;Per riflettere con il sorriso, perch\u00e9 Latina ne ha bisogno&#8221;, ha sottolineato Foderaro.<\/p>\n<p style=\"text-align: justify;\">Superlativa l&#8217;imitazione di Alberto Angela, quella di Gasparri, le canzoni suonate alla chitarra e cantate con una voce che non ha nulla da invidiare ai professionisti della musica, da De Andr\u00e8 a Bennato, da Lucio Battisti a De Gregori, fino alla divertente parodia di Jovanotti. Un passaggio\u00a0anche\u00a0per il dietro le quinte di alcuni programmi tv: come quelli di Serena Dandini \u00a0e la conduzione (decennale) di Per un pugno di Libri. Mentre il Neri attore \u00e8 stato ritratto attraverso alcuni spezzoni scelti dal regista Renato Chiocca.<\/p>\n<p style=\"text-align: justify;\">Sempre misurato, naturalmente divertente, delizioso intrattenitore dalla voce potente, riservatissimo sulla vita privata, Marcor\u00e8 non ha mancato l&#8217;invito alla riflessione sui mali della societ\u00e0 attraverso le belle letture tratte da Benni e Presta. In chiusura anche una riflessione sugli immigrati: &#8220;Nessuna frontiera potr\u00e0 fermare il desiderio di vivere una vita migliore, l&#8217;unica speranza \u00e8 l&#8217;accoglienza regolata, &#8211; ha detto \u00a0\u2013 e la presa di coscienza che siamo davvero tutti sulla stessa barca&#8221;. Poi il congedo con una delle pi\u00f9 riuscite imitazioni, quella di Papa Giovanni XXIII: &#8220;Quando andate a casa date una carezza ai vostri bambini&#8221; accompagnata dalla benedizione finale.<\/p>\n<p style=\"text-align: justify;\">E&#8217; stata una prima quella di &#8220;E poi c&#8217;\u00e8 Neri&#8221; proposta per Lievito, ma con ogni probabilit\u00e0 non sar\u00e0 l&#8217;ultima. Il format indovinato ci sembra destinato a essere replicato su altri palcoscenici.<\/p>\n","protected":false},"excerpt":{"rendered":"<p>LATINA &#8211;\u00a0Trent&#8217;anni di vita artistica raccontati in un&#8217;intervista-spettacolo tra canzoni, sketch, filmati, letture e imitazioni. Tutto esaurito per Neri Marcor\u00e8 luned\u00ec sera al Teatro Moderno per la rassegna Lievito. L&#8217;attore marchigiano sul palcoscenico di Latina, al microfono di Gian Maurizio Foderaro ha ripercorso le tappe della sua prolifica carriera di artista eclettico, reinterpretando le migliori [&hellip;]<\/p>\n","protected":false},"author":62,"featured_media":177126,"comment_status":"open","ping_status":"closed","sticky":false,"template":"","format":"standard","meta":{"footnotes":""},"categories":[15],"tags":[],"class_list":["post-177117","post","type-post","status-publish","format-standard","has-post-thumbnail","hentry","category-cultura"],"_links":{"self":[{"href":"https:\/\/www.radioluna.it\/news\/wp-json\/wp\/v2\/posts\/177117","targetHints":{"allow":["GET"]}}],"collection":[{"href":"https:\/\/www.radioluna.it\/news\/wp-json\/wp\/v2\/posts"}],"about":[{"href":"https:\/\/www.radioluna.it\/news\/wp-json\/wp\/v2\/types\/post"}],"author":[{"embeddable":true,"href":"https:\/\/www.radioluna.it\/news\/wp-json\/wp\/v2\/users\/62"}],"replies":[{"embeddable":true,"href":"https:\/\/www.radioluna.it\/news\/wp-json\/wp\/v2\/comments?post=177117"}],"version-history":[{"count":0,"href":"https:\/\/www.radioluna.it\/news\/wp-json\/wp\/v2\/posts\/177117\/revisions"}],"wp:featuredmedia":[{"embeddable":true,"href":"https:\/\/www.radioluna.it\/news\/wp-json\/wp\/v2\/media\/177126"}],"wp:attachment":[{"href":"https:\/\/www.radioluna.it\/news\/wp-json\/wp\/v2\/media?parent=177117"}],"wp:term":[{"taxonomy":"category","embeddable":true,"href":"https:\/\/www.radioluna.it\/news\/wp-json\/wp\/v2\/categories?post=177117"},{"taxonomy":"post_tag","embeddable":true,"href":"https:\/\/www.radioluna.it\/news\/wp-json\/wp\/v2\/tags?post=177117"}],"curies":[{"name":"wp","href":"https:\/\/api.w.org\/{rel}","templated":true}]}}