{"id":177133,"date":"2016-04-26T14:30:37","date_gmt":"2016-04-26T12:30:37","guid":{"rendered":"http:\/\/www.radioluna.it\/news\/?p=177133"},"modified":"2016-04-26T14:30:37","modified_gmt":"2016-04-26T12:30:37","slug":"chiusa-la-lista-del-pd","status":"publish","type":"post","link":"https:\/\/www.radioluna.it\/news\/2016\/04\/chiusa-la-lista-del-pd\/","title":{"rendered":"Chiusa la lista del Pd"},"content":{"rendered":"<div id=\"fb-root\"><\/div>\n<p style=\"text-align: justify;\"><strong><a href=\"http:\/\/www.radioluna.it\/news\/wp-content\/uploads\/2016\/04\/pd.jpg\"><img loading=\"lazy\" decoding=\"async\" class=\"aligncenter size-thumbnail wp-image-176749\" src=\"http:\/\/www.radioluna.it\/news\/wp-content\/uploads\/2016\/04\/pd-689x388.jpg\" alt=\"pd\" width=\"689\" height=\"388\" \/><\/a>LATINA<\/strong> &#8211; &#8220;Il Partito Democratico ha chiuso la lista dei candidati e venerd\u00ec 22 aprile c\u2019\u00e8 stata l\u2019assemblea cittadina per gli ultimi passaggi formali, prima dell\u2019inizio ufficiale della campagna elettorale, per licenziare lista e programma&#8221;, lo sottolinea in una nota il presidente Emanuele Ingellis aggiungendo che ora il partito &#8220;marcia compatto verso l&#8217;obiettivo di governare Latina&#8221;.<\/p>\n<p style=\"text-align: justify;\"><strong>L&#8217;INTERVENTO<\/strong> &#8211; &#8220;Nei giorni scorsi, pi\u00f9 di qualche esponente del nostro partito ha posto l\u2019accento sull\u2019importanza del governo comunale in merito a temi per i quali i cittadini di Latina aspettano da anni risposte concrete: penso, fra i tanti, ad Omar Sarubbo con l\u2019iniziativa sul Turismo ed il risparmio economico con le luci a Led, Cinzia Romano ed Alessandro Cozzolino che hanno ripreso il tema della sicurezza e delle problematiche dei quartieri della citt\u00e0, Massimo Carnevale con la necessit\u00e0 di ripensare la mobilit\u00e0 della citt\u00e0 o Paola Serangeli e Mauro Visari per il loro lavoro sulla cultura, Fabrizio Porcari che ha puntato i riflettori sui giovani e le startup, Marco Cepollaro che \u00e8 intervenuto sulla necessit\u00e0 di ripensare il rapporto tra PA e cittadini, Marco Fioravante professionista delle questioni urbanistiche che ha sempre denunciato le malefatte dei passati amministratori. Ci\u00f2 che unisce, in un quadro generale, tutto questo \u00e8 la capacit\u00e0 di ripensare la citt\u00e0 di Latina proiettata nel futuro pi\u00f9 prossimo, intervenendo su pi\u00f9 fronti, con l\u2019idea di uno snellimento della macchina amministrativa e di un miglioramento continuo, attraverso un nuovo modello di gestione costruito in stretta collaborazione con i dipendenti comunali, ed un governo delle risorse pubbliche oculato negli investimenti e di risparmio nella gestione operativa, come nel caso della sostituzione delle luci a Led, ricordato da Sarubbo. Latina ha bisogno di correre per recuperare il tempo perso finora, bloccata dalla mala gestione della destra cittadina. \u00a0Credo \u00a0&#8211; aggiunge Ingellis &#8211; che, insieme al nostro candidato Enrico Forte, dovremo focalizzare l\u2019attenzione su tre direttive: 1. Latina citt\u00e0 d\u2019Europa: con l\u2019idea di renderla aperta ai giovani Erasmus, innovatori, ricercatori, non dimenticando che oggi le autostrade e le infrastrutture pi\u00f9 importanti sono le nuove tecnologie, la banda larga e, quindi, non \u00e8 un\u2019utopia la possibilit\u00e0 per Latina di essere la citt\u00e0 dell\u2019innovazione, come una grande capitale europea. Ma soprattutto il nostro obiettivo \u00e8 quello di uniformarci agli standard di vita di citt\u00e0 della stessa dimensione, prendendo quelle italiane ed europee di pregio come benchmark per il governo cittadino. Costruire opportunit\u00e0 di lavoro, ripensando ad un modello di logistica territoriale che punti fortemente al risparmio energetico ed alla protezione dell\u2019ambiente. Puntare su un sistema di logistica moderno, crocevia nord-sud e mare-monti, per far diventare Latina economicamente conveniente per lo stoccaggio ed il trasporto di merci (rivedendo, per esempio, il modello dell\u2019intermodale di Latina Scalo, altro disastro evidente della destra). 2. Latina citt\u00e0 giovane: c\u2019\u00e8 un tessuto socio-economico-culturale che vede covare in profondit\u00e0 e spesso in silenzio, energie vitali che provano in ogni modo ad emergere. Penso a tutti i ragazzi che hanno deciso di rischiare in prima persona, avviando una attivit\u00e0 commerciale, tanti ristoranti e pub, ma anche negozi retail, che investono le proprie energie in innovazioni di offerta commerciale, Giorgione e i Gufi, Neghelli 11, Silvia e il suo Numero9, fra i tanti. I giovani che hanno idee innovative impegnati a costruire startup. Non dimentichiamo il mondo culturale latinense, fucina di talenti riconosciuti: oltre Chiazzetta e Calcutta, Paolo e Riccardo Toselli, Graziano Lanzidei con la banda della Migliara, Maulucci, Chiocca, Notaro, Zabaglio. Senza dimenticare Gabriele Casale, Alessandro Dupr\u00e8 e Adolfo Bigioni, nel campo della pittura. Ecco, una citt\u00e0 in cui le competenze sono tante, i talenti ancor di pi\u00f9, ma chi ha governato \u00e8 stato troppo piccolo, richiudendo la citt\u00e0 in un recito ristagnate. Spetta a noi costruire, in sinergia con questi giovani, politiche di sostegno e di incentivi per valorizzare la citt\u00e0 di fondazione e costruire nuovi posti di lavoro. 3. Latina citt\u00e0 di turismo: si tratta di valorizzare le tante caratteristiche della nostra citt\u00e0, la marina deve ripartire dai turisti stagionali a cui aggiungere politiche focalizzate a creare le condizioni a supporto di un sistema vitale tutto l\u2019anno. I borghi, che rappresentano spesso la storia della citt\u00e0, devono essere ripensati come se fossero il diamante di un solitario, attraverso progetti di salvaguardia e sviluppo tipici dei piccoli centri storici. Tutto questo processo si inquadra nell\u2019idea di una citt\u00e0 che faccia da traino e supporto al turismo dell\u2019intero agro pontino su cui affacciano molti dei pi\u00f9 bei luoghi della nostra provincia. Siamo l\u2019unico vero partito in campo e marciamo uniti verso l\u2019obiettivo: governare Latina per portarla ad essere una delle citt\u00e0 pi\u00f9 vivibili d\u2019Italia e di Europa.<\/p>\n<p style=\"text-align: justify;\">\n","protected":false},"excerpt":{"rendered":"<p>LATINA &#8211; &#8220;Il Partito Democratico ha chiuso la lista dei candidati e venerd\u00ec 22 aprile c\u2019\u00e8 stata l\u2019assemblea cittadina per gli ultimi passaggi formali, prima dell\u2019inizio ufficiale della campagna elettorale, per licenziare lista e programma&#8221;, lo sottolinea in una nota il presidente Emanuele Ingellis aggiungendo che ora il partito &#8220;marcia compatto verso l&#8217;obiettivo di governare [&hellip;]<\/p>\n","protected":false},"author":60,"featured_media":0,"comment_status":"open","ping_status":"closed","sticky":false,"template":"","format":"standard","meta":{"footnotes":""},"categories":[8],"tags":[],"class_list":["post-177133","post","type-post","status-publish","format-standard","hentry","category-politica"],"_links":{"self":[{"href":"https:\/\/www.radioluna.it\/news\/wp-json\/wp\/v2\/posts\/177133","targetHints":{"allow":["GET"]}}],"collection":[{"href":"https:\/\/www.radioluna.it\/news\/wp-json\/wp\/v2\/posts"}],"about":[{"href":"https:\/\/www.radioluna.it\/news\/wp-json\/wp\/v2\/types\/post"}],"author":[{"embeddable":true,"href":"https:\/\/www.radioluna.it\/news\/wp-json\/wp\/v2\/users\/60"}],"replies":[{"embeddable":true,"href":"https:\/\/www.radioluna.it\/news\/wp-json\/wp\/v2\/comments?post=177133"}],"version-history":[{"count":0,"href":"https:\/\/www.radioluna.it\/news\/wp-json\/wp\/v2\/posts\/177133\/revisions"}],"wp:attachment":[{"href":"https:\/\/www.radioluna.it\/news\/wp-json\/wp\/v2\/media?parent=177133"}],"wp:term":[{"taxonomy":"category","embeddable":true,"href":"https:\/\/www.radioluna.it\/news\/wp-json\/wp\/v2\/categories?post=177133"},{"taxonomy":"post_tag","embeddable":true,"href":"https:\/\/www.radioluna.it\/news\/wp-json\/wp\/v2\/tags?post=177133"}],"curies":[{"name":"wp","href":"https:\/\/api.w.org\/{rel}","templated":true}]}}