{"id":177209,"date":"2016-04-28T14:08:04","date_gmt":"2016-04-28T12:08:04","guid":{"rendered":"http:\/\/www.radioluna.it\/news\/?p=177209"},"modified":"2016-04-28T14:08:04","modified_gmt":"2016-04-28T12:08:04","slug":"latina-spezia-piu-controlli-al-francioni-il-match-allattenzione-del-gos","status":"publish","type":"post","link":"https:\/\/www.radioluna.it\/news\/2016\/04\/latina-spezia-piu-controlli-al-francioni-il-match-allattenzione-del-gos\/","title":{"rendered":"Latina-Spezia, pi\u00f9 controlli al Francioni. Il match all&#8217;attenzione del Gos"},"content":{"rendered":"<div id=\"fb-root\"><\/div>\n<p style=\"text-align: justify;\"><strong><a href=\"http:\/\/www.radioluna.it\/news\/wp-content\/uploads\/2014\/09\/pallone-sul-prato-del-francioni.jpg\"><img loading=\"lazy\" decoding=\"async\" class=\"aligncenter size-thumbnail wp-image-155552\" src=\"http:\/\/www.radioluna.it\/news\/wp-content\/uploads\/2014\/09\/pallone-sul-prato-del-francioni-635x476.jpg\" alt=\"pallone sul prato del francioni\" width=\"635\" height=\"476\" srcset=\"https:\/\/www.radioluna.it\/news\/wp-content\/uploads\/2014\/09\/pallone-sul-prato-del-francioni-635x476.jpg 635w, https:\/\/www.radioluna.it\/news\/wp-content\/uploads\/2014\/09\/pallone-sul-prato-del-francioni-768x576.jpg 768w, https:\/\/www.radioluna.it\/news\/wp-content\/uploads\/2014\/09\/pallone-sul-prato-del-francioni-500x375.jpg 500w, https:\/\/www.radioluna.it\/news\/wp-content\/uploads\/2014\/09\/pallone-sul-prato-del-francioni-300x225.jpg 300w, https:\/\/www.radioluna.it\/news\/wp-content\/uploads\/2014\/09\/pallone-sul-prato-del-francioni-1024x768.jpg 1024w, https:\/\/www.radioluna.it\/news\/wp-content\/uploads\/2014\/09\/pallone-sul-prato-del-francioni-800x600.jpg 800w, https:\/\/www.radioluna.it\/news\/wp-content\/uploads\/2014\/09\/pallone-sul-prato-del-francioni.jpg 1000w\" sizes=\"auto, (max-width: 635px) 100vw, 635px\" \/><\/a>LATINA<\/strong> &#8211; Preoccupa la Questura, la contestazione inscenata dagli ultras nerazzurri al termine dell&#8217;ultimo match casalingo. Per questo, in vista dell&#8217;incontro in cartello sabato 30 aprile, per il Campionato di Serie B tra Latina e Spezia, si \u00e8 riunito in Questura il G.O.S. &#8220;Nel corso della riunione sono state analizzate tutte le criticit\u00e0 e dettate le linee del piano di sicurezza, che vedr\u00e0 rinforzati i controlli nei pressi dello stadio Francioni sin dalla mattinata di sabato&#8221;, si legge in una nota.<\/p>\n<p style=\"text-align: justify;\">La difficilissima situazione che vede il Latina nella parte bassa della classifica a rischio retrocessione, ha spinto la Questura ad alzare il livello di attenzione e a mettere in campo, in occasione del match, pi\u00f9 uomini e mezzi.\u00a0Alla riunione presieduta dal Capo di Gabinetto della Questura hanno preso parte i rappresentanti dei Carabinieri, della Guardia di Finanza, Polizia Locale, Vigili del Fuoco e del Latina Calcio.<\/p>\n<div class=\"radio-posizionamento-telefono-in-articoli-dopo-il-contenuto-articolo radio-entity-placement\" id=\"radio-3213712116\"><div id=\"radio-2968928322\"><a href=\"https:\/\/grupporedi.it\/\" aria-label=\"Redi-Qr\"><img loading=\"lazy\" decoding=\"async\" src=\"https:\/\/www.radioluna.it\/news\/wp-content\/uploads\/2026\/03\/Redi-Qr.jpg\" alt=\"\"  srcset=\"https:\/\/www.radioluna.it\/news\/wp-content\/uploads\/2026\/03\/Redi-Qr.jpg 800w, https:\/\/www.radioluna.it\/news\/wp-content\/uploads\/2026\/03\/Redi-Qr-768x639.jpg 768w\" sizes=\"(max-width: 800px) 100vw, 800px\" width=\"300\" height=\"250\"   \/><\/a><\/div><\/div>","protected":false},"excerpt":{"rendered":"<p>LATINA &#8211; Preoccupa la Questura, la contestazione inscenata dagli ultras nerazzurri al termine dell&#8217;ultimo match casalingo. Per questo, in vista dell&#8217;incontro in cartello sabato 30 aprile, per il Campionato di Serie B tra Latina e Spezia, si \u00e8 riunito in Questura il G.O.S. &#8220;Nel corso della riunione sono state analizzate tutte le criticit\u00e0 e dettate [&hellip;]<\/p>\n","protected":false},"author":62,"featured_media":155552,"comment_status":"open","ping_status":"closed","sticky":false,"template":"","format":"standard","meta":{"footnotes":""},"categories":[7],"tags":[],"class_list":["post-177209","post","type-post","status-publish","format-standard","has-post-thumbnail","hentry","category-cronaca"],"_links":{"self":[{"href":"https:\/\/www.radioluna.it\/news\/wp-json\/wp\/v2\/posts\/177209","targetHints":{"allow":["GET"]}}],"collection":[{"href":"https:\/\/www.radioluna.it\/news\/wp-json\/wp\/v2\/posts"}],"about":[{"href":"https:\/\/www.radioluna.it\/news\/wp-json\/wp\/v2\/types\/post"}],"author":[{"embeddable":true,"href":"https:\/\/www.radioluna.it\/news\/wp-json\/wp\/v2\/users\/62"}],"replies":[{"embeddable":true,"href":"https:\/\/www.radioluna.it\/news\/wp-json\/wp\/v2\/comments?post=177209"}],"version-history":[{"count":0,"href":"https:\/\/www.radioluna.it\/news\/wp-json\/wp\/v2\/posts\/177209\/revisions"}],"wp:featuredmedia":[{"embeddable":true,"href":"https:\/\/www.radioluna.it\/news\/wp-json\/wp\/v2\/media\/155552"}],"wp:attachment":[{"href":"https:\/\/www.radioluna.it\/news\/wp-json\/wp\/v2\/media?parent=177209"}],"wp:term":[{"taxonomy":"category","embeddable":true,"href":"https:\/\/www.radioluna.it\/news\/wp-json\/wp\/v2\/categories?post=177209"},{"taxonomy":"post_tag","embeddable":true,"href":"https:\/\/www.radioluna.it\/news\/wp-json\/wp\/v2\/tags?post=177209"}],"curies":[{"name":"wp","href":"https:\/\/api.w.org\/{rel}","templated":true}]}}