{"id":177214,"date":"2016-04-28T17:00:39","date_gmt":"2016-04-28T15:00:39","guid":{"rendered":"http:\/\/www.radioluna.it\/news\/?p=177214"},"modified":"2016-04-28T16:28:05","modified_gmt":"2016-04-28T14:28:05","slug":"omicidio-suicidio-in-via-toscana-i-funerali-nella-chiesa-di-santa-rita","status":"publish","type":"post","link":"https:\/\/www.radioluna.it\/news\/2016\/04\/omicidio-suicidio-in-via-toscana-i-funerali-nella-chiesa-di-santa-rita\/","title":{"rendered":"Omicidio &#8211; suicidio in via Toscana, i funerali nella chiesa di Santa Rita"},"content":{"rendered":"<div id=\"fb-root\"><\/div>\n<p style=\"text-align: justify;\"><strong><a href=\"http:\/\/www.radioluna.it\/news\/wp-content\/uploads\/2016\/04\/IMG-20160422-WA0032.jpg\"><img loading=\"lazy\" decoding=\"async\" class=\"aligncenter size-thumbnail wp-image-177050\" src=\"http:\/\/www.radioluna.it\/news\/wp-content\/uploads\/2016\/04\/IMG-20160422-WA0032-689x517.jpg\" alt=\"IMG-20160422-WA0032\" width=\"689\" height=\"517\" \/><\/a>LATINA &#8211;<\/strong> Domani alle 14,30 nella chiesa di Santa Rita a Latina si svolgeranno i funerali di padre e figlio, trovati morti in una villetta di via Toscana a Latina nella lottizzazione Cucchiarelli al termine di una tragedia familiare. Il figlio Pierino infatti ha ucciso con un colpo di fucile a canna lunga il pap\u00e0 Emanuele di 97 anni e poi si \u00e8 tolto la vita sparandosi un colpo di arma da fuoco. Il dramma aveva suscitato grande clamore sopratutto tra i vicini di casa e gli amici che conoscono la famiglia Romano. A fare la scoperta venerd\u00ec scorso era una parente che si era preoccupata perch\u00e9 a casa non rispondeva nessuno e i cellulari squillavano a vuoto. Ieri sui due corpi \u00e8 stata eseguita l&#8217;autopsia e i risultati si conosceranno tra novanta giorni.<\/p>\n<div class=\"radio-posizionamento-telefono-in-articoli-dopo-il-contenuto-articolo radio-entity-placement\" id=\"radio-4036184151\"><div id=\"radio-3004455086\"><a href=\"https:\/\/grupporedi.it\/\" aria-label=\"Redi-Qr\"><img loading=\"lazy\" decoding=\"async\" src=\"https:\/\/www.radioluna.it\/news\/wp-content\/uploads\/2026\/03\/Redi-Qr.jpg\" alt=\"\"  srcset=\"https:\/\/www.radioluna.it\/news\/wp-content\/uploads\/2026\/03\/Redi-Qr.jpg 800w, https:\/\/www.radioluna.it\/news\/wp-content\/uploads\/2026\/03\/Redi-Qr-768x639.jpg 768w\" sizes=\"(max-width: 800px) 100vw, 800px\" width=\"300\" height=\"250\"   \/><\/a><\/div><\/div>","protected":false},"excerpt":{"rendered":"<p>LATINA &#8211; Domani alle 14,30 nella chiesa di Santa Rita a Latina si svolgeranno i funerali di padre e figlio, trovati morti in una villetta di via Toscana a Latina nella lottizzazione Cucchiarelli al termine di una tragedia familiare. Il figlio Pierino infatti ha ucciso con un colpo di fucile a canna lunga il pap\u00e0 [&hellip;]<\/p>\n","protected":false},"author":60,"featured_media":0,"comment_status":"open","ping_status":"closed","sticky":false,"template":"","format":"standard","meta":{"footnotes":""},"categories":[7],"tags":[],"class_list":["post-177214","post","type-post","status-publish","format-standard","hentry","category-cronaca"],"_links":{"self":[{"href":"https:\/\/www.radioluna.it\/news\/wp-json\/wp\/v2\/posts\/177214","targetHints":{"allow":["GET"]}}],"collection":[{"href":"https:\/\/www.radioluna.it\/news\/wp-json\/wp\/v2\/posts"}],"about":[{"href":"https:\/\/www.radioluna.it\/news\/wp-json\/wp\/v2\/types\/post"}],"author":[{"embeddable":true,"href":"https:\/\/www.radioluna.it\/news\/wp-json\/wp\/v2\/users\/60"}],"replies":[{"embeddable":true,"href":"https:\/\/www.radioluna.it\/news\/wp-json\/wp\/v2\/comments?post=177214"}],"version-history":[{"count":0,"href":"https:\/\/www.radioluna.it\/news\/wp-json\/wp\/v2\/posts\/177214\/revisions"}],"wp:attachment":[{"href":"https:\/\/www.radioluna.it\/news\/wp-json\/wp\/v2\/media?parent=177214"}],"wp:term":[{"taxonomy":"category","embeddable":true,"href":"https:\/\/www.radioluna.it\/news\/wp-json\/wp\/v2\/categories?post=177214"},{"taxonomy":"post_tag","embeddable":true,"href":"https:\/\/www.radioluna.it\/news\/wp-json\/wp\/v2\/tags?post=177214"}],"curies":[{"name":"wp","href":"https:\/\/api.w.org\/{rel}","templated":true}]}}