{"id":177216,"date":"2016-04-28T17:00:19","date_gmt":"2016-04-28T15:00:19","guid":{"rendered":"http:\/\/www.radioluna.it\/news\/?p=177216"},"modified":"2016-04-28T17:00:19","modified_gmt":"2016-04-28T15:00:19","slug":"calvi-incontra-imprese-e-e-lavoratori","status":"publish","type":"post","link":"https:\/\/www.radioluna.it\/news\/2016\/04\/calvi-incontra-imprese-e-e-lavoratori\/","title":{"rendered":"Calvi incontra imprese e e lavoratori"},"content":{"rendered":"<div id=\"fb-root\"><\/div>\n<p style=\"text-align: justify;\"><strong><a href=\"http:\/\/www.radioluna.it\/news\/wp-content\/uploads\/2016\/04\/incontro-calvi-2.jpg\"><img loading=\"lazy\" decoding=\"async\" class=\"aligncenter size-thumbnail wp-image-177217\" src=\"http:\/\/www.radioluna.it\/news\/wp-content\/uploads\/2016\/04\/incontro-calvi-2-689x388.jpg\" alt=\"incontro calvi 2\" width=\"689\" height=\"388\" \/><\/a>LATINA &#8211;<\/strong> \u201cLa situazione non \u00e8 delle migliori, un fatto noto purtroppo visti i problemi economici attuali, ma vedo voglia di fare, di reagire e non arrendersi di fronte alle difficolt\u00e0\u201d. Si \u00e8 espresso in questi termini Alessandro Calvi, candidato sindaco di Forza Italia, che nella giornata di oggi, gioved\u00ec 28 aprile, ha iniziato un tour presso le aziende del territorio.<\/p>\n<p style=\"text-align: justify;\">\u201cCredo sia fondamentale confrontarsi \u2013 afferma Calvi -, comprendere le problematiche di operai e responsabili del settore industriale e dare quel sostegno necessario affinch\u00e9 si possa gestire nel migliore dei modi un momento certo complesso, anche a causa della gravissima crisi economica in atto, per iniziare un percorso di sviluppo. E devo dire che i primi incontri lasciano ben sperare, ho potuto constatare la grande vitalit\u00e0 di chi amministra queste piccole medie imprese. Ho incontrato persone propositive, profondamente attaccate al proprio territorio, che nonostante le difficolt\u00e0 non hanno perso la fiducia e soprattutto la voglia di rilanciare il sistema produttivo, lavorativo e anche di immagine della citt\u00e0 stessa. Affrontare il presente con determinazione guardando ad un futuro pi\u00f9 roseo penso sia l\u2019atteggiamento corretto per superare gli ostacoli. Certo \u00e8 che da parte nostra deve esserci un sostegno a 360\u00b0, come amministrazione dovremo essere al fianco di chi fa impresa, aiutarli, trovando soluzioni condivise\u201d.<\/p>\n<p style=\"text-align: justify;\">Alessandro Calvi, d\u2019altronde, \u00e8 stato sempre aperto al dialogo, cos\u00ec come accaduto anche mercoled\u00ec, quando il candidato sindaco ha incontrato gli imprenditori del litorale per affrontare la questione della chiusura degli stabilimenti che, inevitabilmente, ha creato forte disagio.<\/p>\n<p style=\"text-align: justify;\">\u201cHo ascoltato gli operatori della Marina di Latina \u2013 prosegue Calvi &#8211; apparsi molto preoccupati per il protrarsi di problemi presenti da anni e per l\u2019assenza di una prospettiva certa. E\u2019 una questione delicata, ma siamo pronti ad aprire un tavolo permanente con gli imprenditori del litorale e a garantire il supporto necessario. Sar\u00e0 fondamentale investire sulla Marina che ha enormi prospettive di crescita sotto tanti punti di vista, compreso quello relativo alla creazione di numerosi posti di lavoro, senza dimenticare tutto l&#8217;indotto che ne scaturirebbe. Ci \u00e8 stata chiesta una maggiore attenzione, un coinvolgimento forte da parte degli imprenditori e siamo pronti, con determinazione, a fare la nostra parte\u201d<\/p>\n<p>Lo dichiara in una nota il candidato sindaco di Forza Italia, Alessandro Calvi<\/p>\n<p>Latina 28\/04\/2016<\/p>\n<div class=\"radio-posizionamento-telefono-in-articoli-dopo-il-contenuto-articolo radio-entity-placement\" id=\"radio-2315624445\"><div id=\"radio-1894234743\" style=\"width: 300px;height: 250px;\"><a href=\"https:\/\/www.icarspa.it\/auto\/usate\/latina\/\" aria-label=\"banner aprile icar new life &#8211; auto usate latina\"><img loading=\"lazy\" decoding=\"async\" src=\"https:\/\/www.radioluna.it\/news\/wp-content\/uploads\/2026\/02\/banner-aprile-icar-new-life-auto-usate-latina.gif\" alt=\"\"  width=\"300\" height=\"250\"   \/><\/a><\/div><\/div>","protected":false},"excerpt":{"rendered":"<p>LATINA &#8211; \u201cLa situazione non \u00e8 delle migliori, un fatto noto purtroppo visti i problemi economici attuali, ma vedo voglia di fare, di reagire e non arrendersi di fronte alle difficolt\u00e0\u201d. Si \u00e8 espresso in questi termini Alessandro Calvi, candidato sindaco di Forza Italia, che nella giornata di oggi, gioved\u00ec 28 aprile, ha iniziato un [&hellip;]<\/p>\n","protected":false},"author":60,"featured_media":0,"comment_status":"open","ping_status":"closed","sticky":false,"template":"","format":"standard","meta":{"footnotes":""},"categories":[8],"tags":[],"class_list":["post-177216","post","type-post","status-publish","format-standard","hentry","category-politica"],"_links":{"self":[{"href":"https:\/\/www.radioluna.it\/news\/wp-json\/wp\/v2\/posts\/177216","targetHints":{"allow":["GET"]}}],"collection":[{"href":"https:\/\/www.radioluna.it\/news\/wp-json\/wp\/v2\/posts"}],"about":[{"href":"https:\/\/www.radioluna.it\/news\/wp-json\/wp\/v2\/types\/post"}],"author":[{"embeddable":true,"href":"https:\/\/www.radioluna.it\/news\/wp-json\/wp\/v2\/users\/60"}],"replies":[{"embeddable":true,"href":"https:\/\/www.radioluna.it\/news\/wp-json\/wp\/v2\/comments?post=177216"}],"version-history":[{"count":0,"href":"https:\/\/www.radioluna.it\/news\/wp-json\/wp\/v2\/posts\/177216\/revisions"}],"wp:attachment":[{"href":"https:\/\/www.radioluna.it\/news\/wp-json\/wp\/v2\/media?parent=177216"}],"wp:term":[{"taxonomy":"category","embeddable":true,"href":"https:\/\/www.radioluna.it\/news\/wp-json\/wp\/v2\/categories?post=177216"},{"taxonomy":"post_tag","embeddable":true,"href":"https:\/\/www.radioluna.it\/news\/wp-json\/wp\/v2\/tags?post=177216"}],"curies":[{"name":"wp","href":"https:\/\/api.w.org\/{rel}","templated":true}]}}