{"id":177224,"date":"2016-04-28T19:07:43","date_gmt":"2016-04-28T17:07:43","guid":{"rendered":"http:\/\/www.radioluna.it\/news\/?p=177224"},"modified":"2016-04-28T19:07:43","modified_gmt":"2016-04-28T17:07:43","slug":"calandrini-sul-goretti-niente-sogni-a-lungo-termine","status":"publish","type":"post","link":"https:\/\/www.radioluna.it\/news\/2016\/04\/calandrini-sul-goretti-niente-sogni-a-lungo-termine\/","title":{"rendered":"Calandrini sul Goretti: &#8220;Niente sogni a lungo termine&#8221;"},"content":{"rendered":"<div id=\"fb-root\"><\/div>\n<p style=\"text-align: justify;\"><strong><a href=\"http:\/\/www.radioluna.it\/news\/wp-content\/uploads\/2016\/03\/calandrini-ride.jpg\"><img loading=\"lazy\" decoding=\"async\" class=\"aligncenter size-thumbnail wp-image-175397\" src=\"http:\/\/www.radioluna.it\/news\/wp-content\/uploads\/2016\/03\/calandrini-ride-689x458.jpg\" alt=\"calandrini ride\" width=\"689\" height=\"458\" srcset=\"https:\/\/www.radioluna.it\/news\/wp-content\/uploads\/2016\/03\/calandrini-ride-689x458.jpg 689w, https:\/\/www.radioluna.it\/news\/wp-content\/uploads\/2016\/03\/calandrini-ride-768x511.jpg 768w, https:\/\/www.radioluna.it\/news\/wp-content\/uploads\/2016\/03\/calandrini-ride-500x333.jpg 500w, https:\/\/www.radioluna.it\/news\/wp-content\/uploads\/2016\/03\/calandrini-ride-600x400.jpg 600w, https:\/\/www.radioluna.it\/news\/wp-content\/uploads\/2016\/03\/calandrini-ride-300x200.jpg 300w, https:\/\/www.radioluna.it\/news\/wp-content\/uploads\/2016\/03\/calandrini-ride.jpg 800w\" sizes=\"auto, (max-width: 689px) 100vw, 689px\" \/><\/a>LATINA &#8211;<\/strong> Il Santa Maria Goretti di Latina, un ospedale per il capoluogo e per i residenti dell\u2019intera provincia con croniche lacune di risorse tecnologiche ed umane. Ne ha parlato Nicola Calandrini, candidato sindaco del centrodestra di Latina: \u201cLasciamo stare i sogni e fuggiamo dai facili proclami: inutile avventurarsi in ottimistiche previsioni e programmi a lunghissima scadenza relativi a nuove strutture, meglio guardare al concreto ed individuare delle soluzioni facilmente e immediatamente realizzabili\u201d. Secondo Calandrini non sarebbe impresa ardua potenziare il pronto soccorso, risparmiando file interminabili agli utenti e mettendo medici ed infermieri nelle condizioni di lavorare in maniera adeguata. Proprio sulle risorse umane e sul potenziamento tecnologico il candidato del centrodestra ha messo in evidenza le problematiche pi\u00f9 ricorrenti: \u201cIl Goretti pu\u00f2 contare su altissime professionalit\u00e0 al suo interno; il personale medico, paramedico e amministrativo \u00e8 quotidianamente al servizio di un bacino di mezzo milione di persone. Le difficolt\u00e0 traggono origine per\u00f2 dalla mancanza di supporto politico, una pecca resa evidente dai direttori generali ormai avvistati come meteore di passaggio. Serve quindi una gestione diversa che esalti certe professionalit\u00e0 e che garantisca investimenti importanti per elevare gli standard di qualit\u00e0 e sicurezza per i nostri cittadini e per il personale sanitario che presta servizio presso la struttura\u201d. L\u2019impegno di Calandrini su tale fronte \u00e8 garantito dal fatto che sar\u00e0 candidato come capolista di \u201cCuori Italiani\u201d il dottor Erminio Saralli, chirurgo generale attualmente in servizio attivo in qualit\u00e0 di responsabile del Day Surgery interdipartimentale. Si tratta di un professionista che conosce le problematiche perch\u00e9 le vive quotidianamente. Non a caso, nella precedente amministrazione, Saralli \u00e8 stato consulente tecnico della conferenza dei sindaci per la stesura dell\u2019ultimo atto sanitario aziendale.<\/p>\n","protected":false},"excerpt":{"rendered":"<p>LATINA &#8211; Il Santa Maria Goretti di Latina, un ospedale per il capoluogo e per i residenti dell\u2019intera provincia con croniche lacune di risorse tecnologiche ed umane. Ne ha parlato Nicola Calandrini, candidato sindaco del centrodestra di Latina: \u201cLasciamo stare i sogni e fuggiamo dai facili proclami: inutile avventurarsi in ottimistiche previsioni e programmi a [&hellip;]<\/p>\n","protected":false},"author":60,"featured_media":175397,"comment_status":"open","ping_status":"closed","sticky":false,"template":"","format":"standard","meta":{"footnotes":""},"categories":[8],"tags":[],"class_list":["post-177224","post","type-post","status-publish","format-standard","has-post-thumbnail","hentry","category-politica"],"_links":{"self":[{"href":"https:\/\/www.radioluna.it\/news\/wp-json\/wp\/v2\/posts\/177224","targetHints":{"allow":["GET"]}}],"collection":[{"href":"https:\/\/www.radioluna.it\/news\/wp-json\/wp\/v2\/posts"}],"about":[{"href":"https:\/\/www.radioluna.it\/news\/wp-json\/wp\/v2\/types\/post"}],"author":[{"embeddable":true,"href":"https:\/\/www.radioluna.it\/news\/wp-json\/wp\/v2\/users\/60"}],"replies":[{"embeddable":true,"href":"https:\/\/www.radioluna.it\/news\/wp-json\/wp\/v2\/comments?post=177224"}],"version-history":[{"count":0,"href":"https:\/\/www.radioluna.it\/news\/wp-json\/wp\/v2\/posts\/177224\/revisions"}],"wp:featuredmedia":[{"embeddable":true,"href":"https:\/\/www.radioluna.it\/news\/wp-json\/wp\/v2\/media\/175397"}],"wp:attachment":[{"href":"https:\/\/www.radioluna.it\/news\/wp-json\/wp\/v2\/media?parent=177224"}],"wp:term":[{"taxonomy":"category","embeddable":true,"href":"https:\/\/www.radioluna.it\/news\/wp-json\/wp\/v2\/categories?post=177224"},{"taxonomy":"post_tag","embeddable":true,"href":"https:\/\/www.radioluna.it\/news\/wp-json\/wp\/v2\/tags?post=177224"}],"curies":[{"name":"wp","href":"https:\/\/api.w.org\/{rel}","templated":true}]}}