{"id":177227,"date":"2016-04-29T01:08:41","date_gmt":"2016-04-28T23:08:41","guid":{"rendered":"http:\/\/www.radioluna.it\/news\/?p=177227"},"modified":"2016-04-29T12:38:57","modified_gmt":"2016-04-29T10:38:57","slug":"agguato-ad-aprilia-giovane-ferito-a-colpi-di-pistola","status":"publish","type":"post","link":"https:\/\/www.radioluna.it\/news\/2016\/04\/agguato-ad-aprilia-giovane-ferito-a-colpi-di-pistola\/","title":{"rendered":"Spari ad Aprilia, giovane ferito da un proiettile ad un piede va al pronto soccorso"},"content":{"rendered":"<div id=\"fb-root\"><\/div>\n<p><a href=\"http:\/\/www.radioluna.it\/news\/wp-content\/uploads\/2015\/09\/luogo-agguato-Via-Piave.jpg\"><img loading=\"lazy\" decoding=\"async\" class=\"aligncenter wp-image-169096\" src=\"http:\/\/www.radioluna.it\/news\/wp-content\/uploads\/2015\/09\/luogo-agguato-Via-Piave-635x356.jpg\" alt=\"luogo agguato Via Piave\" width=\"689\" height=\"387\" srcset=\"https:\/\/www.radioluna.it\/news\/wp-content\/uploads\/2015\/09\/luogo-agguato-Via-Piave-635x356.jpg 635w, https:\/\/www.radioluna.it\/news\/wp-content\/uploads\/2015\/09\/luogo-agguato-Via-Piave-768x431.jpg 768w, https:\/\/www.radioluna.it\/news\/wp-content\/uploads\/2015\/09\/luogo-agguato-Via-Piave-500x281.jpg 500w, https:\/\/www.radioluna.it\/news\/wp-content\/uploads\/2015\/09\/luogo-agguato-Via-Piave-300x168.jpg 300w, https:\/\/www.radioluna.it\/news\/wp-content\/uploads\/2015\/09\/luogo-agguato-Via-Piave-1024x575.jpg 1024w, https:\/\/www.radioluna.it\/news\/wp-content\/uploads\/2015\/09\/luogo-agguato-Via-Piave-800x449.jpg 800w, https:\/\/www.radioluna.it\/news\/wp-content\/uploads\/2015\/09\/luogo-agguato-Via-Piave.jpg 1000w\" sizes=\"auto, (max-width: 689px) 100vw, 689px\" \/><\/a><\/p>\n<p style=\"text-align: justify;\"><strong>APRILIA<\/strong> &#8211; Agguato ieri sera, poco prima delle 19, \u00a0nella zona di Campoverde ad Aprilia dove un giovane di 26 anni, \u00e8 stato ferito a colpi di pistola ad un piede e si \u00e8 presentato al pronto soccorso della clinica Citt\u00e0 di Aprilia per farsi medicare.\u00a0 La versione fornita dal ragazzo, Rocco Di Silvio, nato a Roma ma residente ad Aprilia, per\u00f2 non convince i carabinieri del Reparto Territoriale che lo hanno ascoltato per ricostruire la vicenda. Sono diverse infatti contraddizioni e zone d&#8217;ombra. La vittima ha riferito una versione inverosimile e cio\u00e8 di essere rimasto coinvolto in una lite tra due uomini mentre si trovava a passare in auto sulla Nettunense. Secondo gli investigatori invece la lite lo avrebbe coinvolto direttamente e sarebbe avvenuta nei pressi di una roulotte nelle campagne di Campoverde dove vive un uomo che ha una relazione con una parente della vittima, da qui gli spari. I militari hanno anche identificato chi impugnava la pistola e lo stanno cercando.<\/p>\n<div class=\"radio-posizionamento-telefono-in-articoli-dopo-il-contenuto-articolo radio-entity-placement\" id=\"radio-3334371101\"><div id=\"radio-2754273883\"><a href=\"https:\/\/grupporedi.it\/\" aria-label=\"Redi-Qr\"><img loading=\"lazy\" decoding=\"async\" src=\"https:\/\/www.radioluna.it\/news\/wp-content\/uploads\/2026\/03\/Redi-Qr.jpg\" alt=\"\"  srcset=\"https:\/\/www.radioluna.it\/news\/wp-content\/uploads\/2026\/03\/Redi-Qr.jpg 800w, https:\/\/www.radioluna.it\/news\/wp-content\/uploads\/2026\/03\/Redi-Qr-768x639.jpg 768w\" sizes=\"(max-width: 800px) 100vw, 800px\" width=\"300\" height=\"250\"   \/><\/a><\/div><\/div>","protected":false},"excerpt":{"rendered":"<p>APRILIA &#8211; Agguato ieri sera, poco prima delle 19, \u00a0nella zona di Campoverde ad Aprilia dove un giovane di 26 anni, \u00e8 stato ferito a colpi di pistola ad un piede e si \u00e8 presentato al pronto soccorso della clinica Citt\u00e0 di Aprilia per farsi medicare.\u00a0 La versione fornita dal ragazzo, Rocco Di Silvio, nato [&hellip;]<\/p>\n","protected":false},"author":60,"featured_media":169096,"comment_status":"open","ping_status":"closed","sticky":false,"template":"","format":"standard","meta":{"footnotes":""},"categories":[735,7],"tags":[],"class_list":["post-177227","post","type-post","status-publish","format-standard","has-post-thumbnail","hentry","category-attualita","category-cronaca"],"_links":{"self":[{"href":"https:\/\/www.radioluna.it\/news\/wp-json\/wp\/v2\/posts\/177227","targetHints":{"allow":["GET"]}}],"collection":[{"href":"https:\/\/www.radioluna.it\/news\/wp-json\/wp\/v2\/posts"}],"about":[{"href":"https:\/\/www.radioluna.it\/news\/wp-json\/wp\/v2\/types\/post"}],"author":[{"embeddable":true,"href":"https:\/\/www.radioluna.it\/news\/wp-json\/wp\/v2\/users\/60"}],"replies":[{"embeddable":true,"href":"https:\/\/www.radioluna.it\/news\/wp-json\/wp\/v2\/comments?post=177227"}],"version-history":[{"count":0,"href":"https:\/\/www.radioluna.it\/news\/wp-json\/wp\/v2\/posts\/177227\/revisions"}],"wp:featuredmedia":[{"embeddable":true,"href":"https:\/\/www.radioluna.it\/news\/wp-json\/wp\/v2\/media\/169096"}],"wp:attachment":[{"href":"https:\/\/www.radioluna.it\/news\/wp-json\/wp\/v2\/media?parent=177227"}],"wp:term":[{"taxonomy":"category","embeddable":true,"href":"https:\/\/www.radioluna.it\/news\/wp-json\/wp\/v2\/categories?post=177227"},{"taxonomy":"post_tag","embeddable":true,"href":"https:\/\/www.radioluna.it\/news\/wp-json\/wp\/v2\/tags?post=177227"}],"curies":[{"name":"wp","href":"https:\/\/api.w.org\/{rel}","templated":true}]}}