{"id":177236,"date":"2016-04-29T09:26:17","date_gmt":"2016-04-29T07:26:17","guid":{"rendered":"http:\/\/www.radioluna.it\/news\/?p=177236"},"modified":"2016-04-29T09:26:17","modified_gmt":"2016-04-29T07:26:17","slug":"la-latina-basket-under-20-alle-finali-nazionali","status":"publish","type":"post","link":"https:\/\/www.radioluna.it\/news\/2016\/04\/la-latina-basket-under-20-alle-finali-nazionali\/","title":{"rendered":"La Latina Basket under 20 alle Finali Nazionali"},"content":{"rendered":"<div id=\"fb-root\"><\/div>\n<p style=\"text-align: justify;\"><strong><a href=\"http:\/\/www.radioluna.it\/news\/wp-content\/uploads\/2016\/04\/basket-elite.jpg\"><img loading=\"lazy\" decoding=\"async\" class=\"aligncenter size-thumbnail wp-image-177237\" src=\"http:\/\/www.radioluna.it\/news\/wp-content\/uploads\/2016\/04\/basket-elite-689x388.jpg\" alt=\"basket elite\" width=\"689\" height=\"388\" srcset=\"https:\/\/www.radioluna.it\/news\/wp-content\/uploads\/2016\/04\/basket-elite-689x388.jpg 689w, https:\/\/www.radioluna.it\/news\/wp-content\/uploads\/2016\/04\/basket-elite-300x169.jpg 300w, https:\/\/www.radioluna.it\/news\/wp-content\/uploads\/2016\/04\/basket-elite-1024x576.jpg 1024w, https:\/\/www.radioluna.it\/news\/wp-content\/uploads\/2016\/04\/basket-elite-800x450.jpg 800w, https:\/\/www.radioluna.it\/news\/wp-content\/uploads\/2016\/04\/basket-elite.jpg 1328w\" sizes=\"auto, (max-width: 689px) 100vw, 689px\" \/><\/a>LATINA<\/strong> &#8211; I ragazzi della Latina Basket under 20 sono tra le 16 squadre migliori d&#8217;Italia. Esulta il presidente Lucio Benacquista che ora prepara la trasferta a Vincenza dove dal 9 al 15 maggio si disputeranno le finali nazionali.\u00a0Sul parquet del palazzetto di Fucecchio, il gruppo Under 20 \u00c9lite della Latina Basket ha disputato nei giorni scorsi l&#8217;ultima partita di una tre giorni cestistica superando anche la Dinamo Sassari con il risultato finale di 65-48 e conquistando l&#8217;ambita qualificazione come squadra prima classificata del Concentramento n. 7. \u00abSiamo stati bravi durante tutte le tre partite, ora ci godiamo questo momento e il bel risultato conquistato\u00bb commenta coach Di Manno,<\/p>\n<p style=\"text-align: justify;\">Ieri (gioved\u00ec 28 aprile) la Federazione Italiana Pallacanestro ha effettuato i sorteggi che hanno determinato gli accoppiamenti dei 4 gironi in cui sono state suddivise le 16 squadre ammesse \u00a0Il gruppo Under 20 \u00c9lite della Latina Basket \u00e8 stato inserito nel Girone D insieme alle formazioni\u00a0Basket Leonessa Brescia (seconda classificata del Concentramento n. 8),\u00a0Auxilium Pall. Torino (prima classificata del Concentramento n. 1) e\u00a0Baskettiamo Vittuone (seconda classificata del Concentramento n. 3). La prima sfida, in programma per luned\u00ec 9 maggio, vedr\u00e0 i nerazzurri affrontare la squadra del Basket Leonessa Brescia, mentre Torino sfider\u00e0 Vittuone.<\/p>\n<p style=\"text-align: justify;\">Di seguito le composizioni dei 4 gironi e le gare in programma per la prima giornata. Il calendario completo sar\u00e0 reso noto dalla Fip nei prossimi giorni:<\/p>\n<p style=\"text-align: justify;\">Girone A<br \/>\nVirtus Siena<br \/>\nLe Bocce Erba<br \/>\nGrissin Bon Reggio Emilia<br \/>\nSistema Bk Pordenone<\/p>\n<p>Girone B<br \/>\nPino Dragons Firenze<br \/>\nMola New Basket<br \/>\nBSL San Lazzaro<br \/>\nDe Longhi Treviso<\/p>\n<p>Girone C<br \/>\nSporting Milano 3 Basiglio<br \/>\nAurora Basket Jesi<br \/>\nVis 2008 Ferrara<br \/>\nAmatori Pescara<\/p>\n<p>Girone D<br \/>\nLatina Basket<br \/>\nBasket Leonessa Brescia<br \/>\nAuxilium Pall. Torino<br \/>\nBaskettiamo Vittuone<\/p>\n<p>Calendario Incontri 1a giornata \u2013 9 maggio 2016<\/p>\n<p>Campo A \u2013 Palasport Comunale di Vicenza<\/p>\n<p>Girone A<br \/>\nVirtus Siena \u2013 Le Bocce Erba<br \/>\nGrissin Bon Reggio Emilia \u2013 Sistema Bk Pordenone<\/p>\n<p>Girone B<br \/>\nPino Dragons Firenze \u2013 Mola New Basket<br \/>\nBSL San Lazzaro \u2013 De Longhi Treviso<\/p>\n<p>Campo B \u2013 Palasport Manzoni di Creazzo (Vi)<\/p>\n<p>Girone C<br \/>\nSporting Milano 3 Basiglio \u2013 Aurora Basket Jesi<br \/>\nVis 2008 Ferrara \u2013 Amatori Pescara<\/p>\n<p>Girone D<br \/>\nLatina Basket \u2013 Basket Leonessa Brescia<br \/>\nAuxilium Pall. Torino \u2013 Baskettiamo Vittuone<\/p>\n","protected":false},"excerpt":{"rendered":"<p>LATINA &#8211; I ragazzi della Latina Basket under 20 sono tra le 16 squadre migliori d&#8217;Italia. Esulta il presidente Lucio Benacquista che ora prepara la trasferta a Vincenza dove dal 9 al 15 maggio si disputeranno le finali nazionali.\u00a0Sul parquet del palazzetto di Fucecchio, il gruppo Under 20 \u00c9lite della Latina Basket ha disputato nei [&hellip;]<\/p>\n","protected":false},"author":62,"featured_media":177237,"comment_status":"open","ping_status":"closed","sticky":false,"template":"","format":"standard","meta":{"footnotes":""},"categories":[17],"tags":[],"class_list":["post-177236","post","type-post","status-publish","format-standard","has-post-thumbnail","hentry","category-sport"],"_links":{"self":[{"href":"https:\/\/www.radioluna.it\/news\/wp-json\/wp\/v2\/posts\/177236","targetHints":{"allow":["GET"]}}],"collection":[{"href":"https:\/\/www.radioluna.it\/news\/wp-json\/wp\/v2\/posts"}],"about":[{"href":"https:\/\/www.radioluna.it\/news\/wp-json\/wp\/v2\/types\/post"}],"author":[{"embeddable":true,"href":"https:\/\/www.radioluna.it\/news\/wp-json\/wp\/v2\/users\/62"}],"replies":[{"embeddable":true,"href":"https:\/\/www.radioluna.it\/news\/wp-json\/wp\/v2\/comments?post=177236"}],"version-history":[{"count":0,"href":"https:\/\/www.radioluna.it\/news\/wp-json\/wp\/v2\/posts\/177236\/revisions"}],"wp:featuredmedia":[{"embeddable":true,"href":"https:\/\/www.radioluna.it\/news\/wp-json\/wp\/v2\/media\/177237"}],"wp:attachment":[{"href":"https:\/\/www.radioluna.it\/news\/wp-json\/wp\/v2\/media?parent=177236"}],"wp:term":[{"taxonomy":"category","embeddable":true,"href":"https:\/\/www.radioluna.it\/news\/wp-json\/wp\/v2\/categories?post=177236"},{"taxonomy":"post_tag","embeddable":true,"href":"https:\/\/www.radioluna.it\/news\/wp-json\/wp\/v2\/tags?post=177236"}],"curies":[{"name":"wp","href":"https:\/\/api.w.org\/{rel}","templated":true}]}}