{"id":177267,"date":"2016-04-29T16:19:39","date_gmt":"2016-04-29T14:19:39","guid":{"rendered":"http:\/\/www.radioluna.it\/news\/?p=177267"},"modified":"2016-04-29T16:19:39","modified_gmt":"2016-04-29T14:19:39","slug":"malinconico-la-trasparenza-per-la-prossima-amministrazione-sia-piu-di-un-impegno","status":"publish","type":"post","link":"https:\/\/www.radioluna.it\/news\/2016\/04\/malinconico-la-trasparenza-per-la-prossima-amministrazione-sia-piu-di-un-impegno\/","title":{"rendered":"Malinconico: &#8220;La trasparenza per la prossima amministrazione, sia pi\u00f9 di un impegno&#8221;"},"content":{"rendered":"<div id=\"fb-root\"><\/div>\n<p style=\"text-align: justify;\"><strong><a href=\"http:\/\/www.radioluna.it\/news\/wp-content\/uploads\/2016\/04\/malinconico.jpg\"><img loading=\"lazy\" decoding=\"async\" class=\"aligncenter size-thumbnail wp-image-176834\" src=\"http:\/\/www.radioluna.it\/news\/wp-content\/uploads\/2016\/04\/malinconico-689x459.jpg\" alt=\"malinconico\" width=\"689\" height=\"459\" srcset=\"https:\/\/www.radioluna.it\/news\/wp-content\/uploads\/2016\/04\/malinconico-689x459.jpg 689w, https:\/\/www.radioluna.it\/news\/wp-content\/uploads\/2016\/04\/malinconico-768x512.jpg 768w, https:\/\/www.radioluna.it\/news\/wp-content\/uploads\/2016\/04\/malinconico-500x333.jpg 500w, https:\/\/www.radioluna.it\/news\/wp-content\/uploads\/2016\/04\/malinconico-600x400.jpg 600w, https:\/\/www.radioluna.it\/news\/wp-content\/uploads\/2016\/04\/malinconico-300x200.jpg 300w, https:\/\/www.radioluna.it\/news\/wp-content\/uploads\/2016\/04\/malinconico-1024x683.jpg 1024w, https:\/\/www.radioluna.it\/news\/wp-content\/uploads\/2016\/04\/malinconico-800x533.jpg 800w, https:\/\/www.radioluna.it\/news\/wp-content\/uploads\/2016\/04\/malinconico.jpg 1000w\" sizes=\"auto, (max-width: 689px) 100vw, 689px\" \/><\/a>LATINA &#8211;\u00a0<\/strong>\u201cPer la futura amministrazione la trasparenza sar\u00e0 pi\u00f9 che un impegno. Sar\u00e0 un punto cardine sul quale costruire l\u2019intero programma, un metodo di lavoro e uno strumento che, sul piano concreto, sar\u00e0 in grado di avvicinare i cittadini alle scelte della politica\u201d.<\/p>\n<p style=\"text-align: justify;\">Giovanni Malinconico, capolista della lista Enrico Forte Sindaco, introduce uno dei temi fondanti della campagna elettorale, alla vigilia del \u201cpatto sulla trasparenza\u201d che domani verr\u00e0 presentato alla citt\u00e0 dal candidato sindaco Enrico Forte.<\/p>\n<p>\u201cTrasparenza \u2013 spiega Malinconico \u2013 vuol dire in primo luogo rendere completamente accessibili per i cittadini bilanci, spese, debiti e situazione finanziaria dell\u2019ente, competenze di amministratori e consulenti, incarichi, costi delle opere pubbliche e appalti. Ma pi\u00f9 ancora significa dare concreta accessibilit\u00e0 all\u2019azione dell\u2019amministrazione, alle intenzioni e alle scelte che la politica assume; organizzare la macchina amministrativa in modo da rendere concretamente comprensibile per tutti il percorso che porta alle decisioni amministrative, distinguendo le competenze e le responsabilit\u00e0 burocratiche da quelle politiche, cos\u00ec cambiando passo rispetto alle gestioni opache degli anni passati e costruendo un metodo di partecipazione reale. Tutto ci\u00f2 significa, in sostanza, ripristinare le regole di una buona amministrazione\u201d.<\/p>\n<p>\u201cIl patto sulla trasparenza voluto da Enrico Forte e dalla nostra lista nasce da questo chiaro intento \u2013 aggiunge Giovanni Malinconico &#8211; Il decalogo detter\u00e0, sul piano operativo, le linee guida da seguire quale primo presupposto per la prossima consiliatura, permettendo ai cittadini una puntuale verifica dell\u2019operato dell\u2019amministrazione\u201d.<\/p>\n","protected":false},"excerpt":{"rendered":"<p>LATINA &#8211;\u00a0\u201cPer la futura amministrazione la trasparenza sar\u00e0 pi\u00f9 che un impegno. Sar\u00e0 un punto cardine sul quale costruire l\u2019intero programma, un metodo di lavoro e uno strumento che, sul piano concreto, sar\u00e0 in grado di avvicinare i cittadini alle scelte della politica\u201d. Giovanni Malinconico, capolista della lista Enrico Forte Sindaco, introduce uno dei temi [&hellip;]<\/p>\n","protected":false},"author":60,"featured_media":176834,"comment_status":"open","ping_status":"closed","sticky":false,"template":"","format":"standard","meta":{"footnotes":""},"categories":[8],"tags":[],"class_list":["post-177267","post","type-post","status-publish","format-standard","has-post-thumbnail","hentry","category-politica"],"_links":{"self":[{"href":"https:\/\/www.radioluna.it\/news\/wp-json\/wp\/v2\/posts\/177267","targetHints":{"allow":["GET"]}}],"collection":[{"href":"https:\/\/www.radioluna.it\/news\/wp-json\/wp\/v2\/posts"}],"about":[{"href":"https:\/\/www.radioluna.it\/news\/wp-json\/wp\/v2\/types\/post"}],"author":[{"embeddable":true,"href":"https:\/\/www.radioluna.it\/news\/wp-json\/wp\/v2\/users\/60"}],"replies":[{"embeddable":true,"href":"https:\/\/www.radioluna.it\/news\/wp-json\/wp\/v2\/comments?post=177267"}],"version-history":[{"count":0,"href":"https:\/\/www.radioluna.it\/news\/wp-json\/wp\/v2\/posts\/177267\/revisions"}],"wp:featuredmedia":[{"embeddable":true,"href":"https:\/\/www.radioluna.it\/news\/wp-json\/wp\/v2\/media\/176834"}],"wp:attachment":[{"href":"https:\/\/www.radioluna.it\/news\/wp-json\/wp\/v2\/media?parent=177267"}],"wp:term":[{"taxonomy":"category","embeddable":true,"href":"https:\/\/www.radioluna.it\/news\/wp-json\/wp\/v2\/categories?post=177267"},{"taxonomy":"post_tag","embeddable":true,"href":"https:\/\/www.radioluna.it\/news\/wp-json\/wp\/v2\/tags?post=177267"}],"curies":[{"name":"wp","href":"https:\/\/api.w.org\/{rel}","templated":true}]}}