{"id":177272,"date":"2016-04-29T17:03:37","date_gmt":"2016-04-29T15:03:37","guid":{"rendered":"http:\/\/www.radioluna.it\/news\/?p=177272"},"modified":"2016-04-29T17:03:37","modified_gmt":"2016-04-29T15:03:37","slug":"scongiurata-la-chiusura-dellospedale-di-fondi-simeone-incontra-zingaretti","status":"publish","type":"post","link":"https:\/\/www.radioluna.it\/news\/2016\/04\/scongiurata-la-chiusura-dellospedale-di-fondi-simeone-incontra-zingaretti\/","title":{"rendered":"Scongiurata la chiusura dell&#8217;ospedale di Fondi, Simeone incontra Zingaretti"},"content":{"rendered":"<div id=\"fb-root\"><\/div>\n<div id=\"attachment_106338\" style=\"width: 410px\" class=\"wp-caption alignleft\"><a href=\"http:\/\/www.radioluna.it\/news\/wp-content\/uploads\/2011\/06\/ospedale-san-giovanni-di-dio-fondi-1.jpg\"><img loading=\"lazy\" decoding=\"async\" aria-describedby=\"caption-attachment-106338\" class=\"wp-image-106338 size-full\" src=\"http:\/\/www.radioluna.it\/news\/wp-content\/uploads\/2011\/06\/ospedale-san-giovanni-di-dio-fondi-1.jpg\" alt=\"L'ospedale San Giovanni di dio di Fondi\" width=\"400\" height=\"265\" srcset=\"https:\/\/www.radioluna.it\/news\/wp-content\/uploads\/2011\/06\/ospedale-san-giovanni-di-dio-fondi-1.jpg 400w, https:\/\/www.radioluna.it\/news\/wp-content\/uploads\/2011\/06\/ospedale-san-giovanni-di-dio-fondi-1-300x198.jpg 300w\" sizes=\"auto, (max-width: 400px) 100vw, 400px\" \/><\/a><p id=\"caption-attachment-106338\" class=\"wp-caption-text\">L&#8217;ospedale San Giovanni di dio di Fondi<\/p><\/div>\n<p style=\"text-align: justify;\"><strong>LATINA &#8211;<\/strong> \u201cLa decisione, contenuta in una \u00a0nota di servizio, di spostare gli anestesisti dall\u2019ospedale di Fondi a Terracina gi\u00e0 dai prossimi giorni e l\u2019ipotesi di trasferire l\u2019ostetricia al presidio di Formia, sancirebbe la chiusura definitiva dell\u2019ospedale San Giovanni di Dio di Fondi. Una scelta che non poteva cadere nel silenzio tanto che mi sono immediatamente attivato contattando il direttore generale della Asl di Latina, Giorgio Casati, il presidente della Regione Lazio, Nicola Zingaretti, e la cabina di regia della \u00a0sanit\u00e0 della Regione Lazio. Tutti mi hanno detto che non sapevano nulla di questo ordine di servizio e che tale ipotesi non trover\u00e0 alcuna attuazione. Il direttore generale della Asl di Latina mi ha assicurato che provveder\u00e0, con una nota immediata, a bloccare tale trasferimento assicurandomi che gli anestesisti \u00a0resteranno all\u2019ospedale di Fondi e che non ci sar\u00e0 alcuno spostamento dell\u2019ostetricia a Formia. Il presidente Zingaretti mi ha dato appuntamento a luned\u00ec in consiglio regionale dove avremo modo, insieme al sindaco di Fondi, Salvatore De Meo, di approfondire questa situazione, che comunque ha del vergognoso, e di trovare insieme delle soluzioni rapide e concrete. Confido nel fatto che sia Zingaretti che Casati non si sottraggano alla parola data \u00a0ma credo che quanto accaduto sia inaccettabile. Lascia esterrefatti che un burocrate possa sostituirsi ai vertici della Asl e della Regione Lazio, agendo in modo autonomo e mettendo in atto azioni che avrebbero portato alla chiusura non di uno scantinato ma di un intero ospedale come il San Giovanni di Dio di Fondi fondamentale nella gi\u00e0 precaria offerta sanitaria della provincia di Latina. Quanto accaduto rileva la mancanza di controllo e di organizzazione che in un settore come la sanit\u00e0 non pu\u00f2 essere consentito. Attendiamo che Casati mantenga fede a quanto assicurato e luned\u00ec avremo modo, una volta per tutte, di chiarire con Zingaretti il futuro dell\u2019ospedale di Fondi e di tutte le strutture della provincia di Latina che non sono i pezzi del Monopoli su cui riversare le proprie incapacit\u00e0 ma elementi fondamentali per un\u2019offerta sanitaria capillare sul territorio. Siamo stanchi di dover correre ai ripari, i cittadini non meritano questo stato di incertezza e di approssimazione in scelte determinanti per la loro salute e per la loro vita\u201d.\u00a0Lo dichiara in una nota il consigliere regionale di Forza Italia, Giuseppe Simeone<\/p>\n<p>&nbsp;<\/p>\n<div class=\"radio-posizionamento-telefono-in-articoli-dopo-il-contenuto-articolo radio-entity-placement\" id=\"radio-4229742005\"><div id=\"radio-3758379609\"><a href=\"https:\/\/grupporedi.it\/\" aria-label=\"Redi-Qr\"><img loading=\"lazy\" decoding=\"async\" src=\"https:\/\/www.radioluna.it\/news\/wp-content\/uploads\/2026\/03\/Redi-Qr.jpg\" alt=\"\"  srcset=\"https:\/\/www.radioluna.it\/news\/wp-content\/uploads\/2026\/03\/Redi-Qr.jpg 800w, https:\/\/www.radioluna.it\/news\/wp-content\/uploads\/2026\/03\/Redi-Qr-768x639.jpg 768w\" sizes=\"(max-width: 800px) 100vw, 800px\" width=\"300\" height=\"250\"   \/><\/a><\/div><\/div>","protected":false},"excerpt":{"rendered":"<p>LATINA &#8211; \u201cLa decisione, contenuta in una \u00a0nota di servizio, di spostare gli anestesisti dall\u2019ospedale di Fondi a Terracina gi\u00e0 dai prossimi giorni e l\u2019ipotesi di trasferire l\u2019ostetricia al presidio di Formia, sancirebbe la chiusura definitiva dell\u2019ospedale San Giovanni di Dio di Fondi. Una scelta che non poteva cadere nel silenzio tanto che mi sono [&hellip;]<\/p>\n","protected":false},"author":60,"featured_media":106338,"comment_status":"open","ping_status":"closed","sticky":false,"template":"","format":"standard","meta":{"footnotes":""},"categories":[7],"tags":[],"class_list":["post-177272","post","type-post","status-publish","format-standard","has-post-thumbnail","hentry","category-cronaca"],"_links":{"self":[{"href":"https:\/\/www.radioluna.it\/news\/wp-json\/wp\/v2\/posts\/177272","targetHints":{"allow":["GET"]}}],"collection":[{"href":"https:\/\/www.radioluna.it\/news\/wp-json\/wp\/v2\/posts"}],"about":[{"href":"https:\/\/www.radioluna.it\/news\/wp-json\/wp\/v2\/types\/post"}],"author":[{"embeddable":true,"href":"https:\/\/www.radioluna.it\/news\/wp-json\/wp\/v2\/users\/60"}],"replies":[{"embeddable":true,"href":"https:\/\/www.radioluna.it\/news\/wp-json\/wp\/v2\/comments?post=177272"}],"version-history":[{"count":0,"href":"https:\/\/www.radioluna.it\/news\/wp-json\/wp\/v2\/posts\/177272\/revisions"}],"wp:featuredmedia":[{"embeddable":true,"href":"https:\/\/www.radioluna.it\/news\/wp-json\/wp\/v2\/media\/106338"}],"wp:attachment":[{"href":"https:\/\/www.radioluna.it\/news\/wp-json\/wp\/v2\/media?parent=177272"}],"wp:term":[{"taxonomy":"category","embeddable":true,"href":"https:\/\/www.radioluna.it\/news\/wp-json\/wp\/v2\/categories?post=177272"},{"taxonomy":"post_tag","embeddable":true,"href":"https:\/\/www.radioluna.it\/news\/wp-json\/wp\/v2\/tags?post=177272"}],"curies":[{"name":"wp","href":"https:\/\/api.w.org\/{rel}","templated":true}]}}