{"id":177302,"date":"2016-04-30T11:23:32","date_gmt":"2016-04-30T09:23:32","guid":{"rendered":"http:\/\/www.radioluna.it\/news\/?p=177302"},"modified":"2016-04-30T11:23:32","modified_gmt":"2016-04-30T09:23:32","slug":"euro-med-days-of-the-blue-economy-allo-yacht-med-festival","status":"publish","type":"post","link":"https:\/\/www.radioluna.it\/news\/2016\/04\/euro-med-days-of-the-blue-economy-allo-yacht-med-festival\/","title":{"rendered":"Euro med days of the blue economy allo Yacht Med festival"},"content":{"rendered":"<div id=\"fb-root\"><\/div>\n<p style=\"text-align: justify;\"><strong><a href=\"http:\/\/www.radioluna.it\/news\/wp-content\/uploads\/2016\/04\/Euro-Med-Days-platea_light-2.jpg\"><img loading=\"lazy\" decoding=\"async\" class=\"aligncenter size-thumbnail wp-image-177303\" src=\"http:\/\/www.radioluna.it\/news\/wp-content\/uploads\/2016\/04\/Euro-Med-Days-platea_light-2-689x459.jpg\" alt=\"Euro-Med Days platea_light 2\" width=\"689\" height=\"459\" \/><\/a>GAETA &#8211;<\/strong> La IX edizione dello Yacht Med Festival, la Fiera Internazionale dell\u2019Economia del Mare, ospita a Gaeta il 28 e 29 aprile i primi Euro-Med Days of the Blue Economy, organizzati da Unioncamere Lazio in collaborazione con Regione Lazio e Lazio Innova.<br \/>\nL\u2019evento, che si inserisce nella programmazione internazionale del Sector Group \u201cMaritime Industries &amp; Services\u201d della rete europea Enterprise Europe Network, ha visto la partecipazione di rappresentanti di 17 Paesi dell\u2019area euro mediterranea.<br \/>\nObiettivo primario: condividere le migliori pratiche ed elaborare proposte per uno sviluppo strategico dell\u2019Economia del Mare.<br \/>\n\u201cSiamo molto orgogliosi\u201d ha commentato il Presidente di Unioncamere Lazio Vincenzo Zottola \u201cche l\u2019Enterprise Europe Network abbia accettato la nostra candidatura a ospitare qui a Gaeta gli Euro-Med Days. Questa scelta conferma la positivit\u00e0 del lavoro svolto in questi anni intorno al progetto Yacht Med Festival, divenuto un laboratorio internazionale di politiche per l\u2019Economia del Mare. In questi due giorni l\u2019Area Euro mediterranea si sta confrontando intorno ai temi dell\u2019innovazione, della ricerca e della sostenibilit\u00e0, con l\u2019obiettivo di mettere a fattor comune le pratiche migliori e di costruire un unico processo di sviluppo che miri a sostenere la crescita delle imprese del mare. L\u2019Italia pu\u00f2 rispondere con la consapevolezza di avere tutte le caratteristiche per assumere una leadership in un settore, quello dell\u2019Economia del Mare, ancora oggi colpevolmente troppo sottovalutato\u201d.<br \/>\nLa Regione Lazio, rappresentata dal Capo di Segreteria dell\u2019Assessorato allo Sviluppo Economico Paolo Orneli, ha sottolineato la centralit\u00e0 del mare quale fattore strategico di sviluppo dell\u2019economia regionale, con particolare riferimento alla competitivit\u00e0, sostenibilit\u00e0, innovazione, formazione e internazionalizzazione.<br \/>\nIl workshop \u00e8 stato ospitato nella suggestiva cornice della sede della Fondazione \u201cG. Caboto\u201d, nel corso del quale il Presidente Cesare d\u2019Amico ha sottolineato: &#8220;Il futuro del mare e della sua economia passa necessariamente dai nostri giovani e dalla loro capacit\u00e0 di considerarla come risorsa del Paese da preservare, non solo in termini di capacit\u00e0 di creare occupazione e sviluppo, ma anche ambientali. In questo scenario \u00e8 fondamentale creare contesti in cui una formazione all\u2019avanguardia, frutto sia dell\u2019alternanza scuola lavoro, sia della presenza di un corpo docente proveniente dal mondo dell\u2019impresa, rappresenti la migliore risposta possibile per garantire un\u2019occupazione certa e qualificata ai nostri ragazzi&#8221;.<br \/>\nTanti i temi affrontati relativi alla politica industriale del mare e alla crescita blu: Politiche marittime, Aree costiere e Porti, Ambiente Marino ed Aree Protette, Tecnologie al servizio della Nautica, Servizi marittimi, Trasporti, Shipping, Sicurezza marittima e portuale, Pesca e Acquacoltura, Formazione, Refitting, Turismo costiero, Biotecnologia Marina, Ricerca, Sviluppo ed Innovazione.<br \/>\nDi altissimo rilievo il workshop di questa mattina intitolato \u201cLa Blue Economy nell\u2019Area Euro Med: politiche innovative per lo sviluppo\u201d che ha visto la partecipazione di autorevoli rappresentanti provenienti dal mondo delle istituzioni e delle imprese.<br \/>\nHanno partecipato i rappresentanti di: Agenzia PMI Commissione Europea \u2013 Sector Group Maritime Industry Services &#8211; Camere di Commercio olandesi \u2013 Commissione Generale per la Pesca del Mediterraneo della FAO &#8211; Instituto Portuario de Estudios y Cooperacion \u2013 Fondazione Caboto \u2013 Assonat \u2013 Navigo \u2013\u2013 Centro nazionale greco di documentazione \u2013 CNR INSEAN e CNR IAMC \u2013 Unioncamere \u2013Istituto Italiano di Navigazione \u2013 Camera di Commercio Tuniso Italiana e imprese.<br \/>\nNel pomeriggio il brokerage event con meeting bilaterali tra imprese europee, stakeholders, policymakers ed esperti nel settore dell\u2019Economia del Mare.<br \/>\nHanno partecipato numerose imprese italiane e straniere, iscritte grazie a una piattaforma gratuita implementata per l\u2019occasione.<br \/>\nIl programma dei lavori si \u00e8 aperto gioved\u00ec 28 con i lavori del tavolo del Sector Group che ha approfondito i temi della crescita blu in relazione alle misure adottate nei vari Paesi di Enterprise Europe Network.<br \/>\nGli Euro-Med Days sono stati l\u2019occasione anche per presentare in anteprima nazionale i dati del 5\u00b0 Rapporto sull\u2019Economia del Mare di Unioncamere, che rappresenta\u00a0un\u2019innovazione metodologica per l&#8217;analisi delle filiere del mare, non solo a livello nazionale ma anche a livello euro-mediterraneo. L\u2019Economia del Mare in Italia rappresenta pi\u00f9 di 185.000 imprese e di 835.000 occupati, per un valore aggiunto prodotto di 42,6 miliardi di euro, pari al 3% del totale nazionale. Un patrimonio importante su cui costruire una parte del futuro dell\u2019Italia.<\/p>\n<div class=\"radio-posizionamento-telefono-in-articoli-dopo-il-contenuto-articolo radio-entity-placement\" id=\"radio-3855936914\"><div id=\"radio-2931924837\"><a href=\"https:\/\/grupporedi.it\/\" aria-label=\"Redi-Qr\"><img loading=\"lazy\" decoding=\"async\" src=\"https:\/\/www.radioluna.it\/news\/wp-content\/uploads\/2026\/03\/Redi-Qr.jpg\" alt=\"\"  srcset=\"https:\/\/www.radioluna.it\/news\/wp-content\/uploads\/2026\/03\/Redi-Qr.jpg 800w, https:\/\/www.radioluna.it\/news\/wp-content\/uploads\/2026\/03\/Redi-Qr-768x639.jpg 768w\" sizes=\"(max-width: 800px) 100vw, 800px\" width=\"300\" height=\"250\"   \/><\/a><\/div><\/div>","protected":false},"excerpt":{"rendered":"<p>GAETA &#8211; La IX edizione dello Yacht Med Festival, la Fiera Internazionale dell\u2019Economia del Mare, ospita a Gaeta il 28 e 29 aprile i primi Euro-Med Days of the Blue Economy, organizzati da Unioncamere Lazio in collaborazione con Regione Lazio e Lazio Innova. L\u2019evento, che si inserisce nella programmazione internazionale del Sector Group \u201cMaritime Industries [&hellip;]<\/p>\n","protected":false},"author":60,"featured_media":0,"comment_status":"open","ping_status":"closed","sticky":false,"template":"","format":"standard","meta":{"footnotes":""},"categories":[11],"tags":[],"class_list":["post-177302","post","type-post","status-publish","format-standard","hentry","category-economia"],"_links":{"self":[{"href":"https:\/\/www.radioluna.it\/news\/wp-json\/wp\/v2\/posts\/177302","targetHints":{"allow":["GET"]}}],"collection":[{"href":"https:\/\/www.radioluna.it\/news\/wp-json\/wp\/v2\/posts"}],"about":[{"href":"https:\/\/www.radioluna.it\/news\/wp-json\/wp\/v2\/types\/post"}],"author":[{"embeddable":true,"href":"https:\/\/www.radioluna.it\/news\/wp-json\/wp\/v2\/users\/60"}],"replies":[{"embeddable":true,"href":"https:\/\/www.radioluna.it\/news\/wp-json\/wp\/v2\/comments?post=177302"}],"version-history":[{"count":0,"href":"https:\/\/www.radioluna.it\/news\/wp-json\/wp\/v2\/posts\/177302\/revisions"}],"wp:attachment":[{"href":"https:\/\/www.radioluna.it\/news\/wp-json\/wp\/v2\/media?parent=177302"}],"wp:term":[{"taxonomy":"category","embeddable":true,"href":"https:\/\/www.radioluna.it\/news\/wp-json\/wp\/v2\/categories?post=177302"},{"taxonomy":"post_tag","embeddable":true,"href":"https:\/\/www.radioluna.it\/news\/wp-json\/wp\/v2\/tags?post=177302"}],"curies":[{"name":"wp","href":"https:\/\/api.w.org\/{rel}","templated":true}]}}