{"id":177333,"date":"2016-05-02T10:40:04","date_gmt":"2016-05-02T08:40:04","guid":{"rendered":"http:\/\/www.radioluna.it\/news\/?p=177333"},"modified":"2016-05-02T10:40:04","modified_gmt":"2016-05-02T08:40:04","slug":"il-campionato-degli-italiani-presentazione-a-milano-con-il-presidente-abodi","status":"publish","type":"post","link":"https:\/\/www.radioluna.it\/news\/2016\/05\/il-campionato-degli-italiani-presentazione-a-milano-con-il-presidente-abodi\/","title":{"rendered":"&#8220;Il campionato degli italiani&#8221; presentazione a Milano con il presidente Abodi"},"content":{"rendered":"<div id=\"fb-root\"><\/div>\n<p style=\"text-align: justify;\"><span style=\"color: #333333;\"><a href=\"http:\/\/www.radioluna.it\/news\/wp-content\/uploads\/2016\/05\/COVER-IL-CAMPIONATO-DEGLI-ITALIANI.jpg\"><img loading=\"lazy\" decoding=\"async\" class=\"aligncenter size-full wp-image-177334\" src=\"http:\/\/www.radioluna.it\/news\/wp-content\/uploads\/2016\/05\/COVER-IL-CAMPIONATO-DEGLI-ITALIANI.jpg\" alt=\"COVER IL CAMPIONATO DEGLI ITALIANI\" width=\"571\" height=\"960\" srcset=\"https:\/\/www.radioluna.it\/news\/wp-content\/uploads\/2016\/05\/COVER-IL-CAMPIONATO-DEGLI-ITALIANI.jpg 571w, https:\/\/www.radioluna.it\/news\/wp-content\/uploads\/2016\/05\/COVER-IL-CAMPIONATO-DEGLI-ITALIANI-178x300.jpg 178w, https:\/\/www.radioluna.it\/news\/wp-content\/uploads\/2016\/05\/COVER-IL-CAMPIONATO-DEGLI-ITALIANI-300x504.jpg 300w\" sizes=\"auto, (max-width: 571px) 100vw, 571px\" \/><\/a>LATINA &#8211;\u00a0<\/span>Si intitola \u2018Il campionato degli italiani\u2019 l&#8217;antologia \u2018Il campionato degli italiani\u2019 (ed. ego\/omicron, pp 250) che sar\u00e0 presentata in Lega B a Milano, marted\u00ec 3 maggio\u00a0alle 12 alla presenza del presidente Andrea Abodi, dell\u2019allenatore Emiliano Mondonico, veterano di panchine in cadetteria, del giornalista Gianluca Di Marzio, una sorta di testimonial del mondo calcistico nazionale, del curatore dell\u2019antologia Gian Luca Campagna, giornalista, che ha messo su questa rosa di narratori del pallone e del sociale.<\/p>\n<p style=\"text-align: justify;\">&#8220;L\u2019idea di questa raccolta di calcio che sa e odora di provincia \u00e8 tutta made in Latina&#8221;, ricorda Gianluca Campagna che ha curato il progetto \u00a0editoriale, mentre tra gli autori ci sono \u00a0il giornalista di Latina Gianluca Atlante e la fashion blogger Eva Pommerouge alias Stefania De Caro anche lei del capoluogo.\u00a0 Atlante ha scritto il racconto sul Bari, omaggiando le origini del pap\u00e0 e raccontando la favola calcistica di un bambino che sogna di esordire con la maglia dei galletti attraverso una storia emozionante che strappa sorrisi e lacrime; la blogger Eva Pommerouge ha scelto invece la squadra della sua citt\u00e0 soffermandosi sull&#8217;ambiente omofobo del mondo del calcio. In tutto l&#8217;antologia si compone di\u00a022 racconti tante quante sono le realt\u00e0 calcistiche della serie B.<\/p>\n<p style=\"text-align: justify;\">\u201cIl campionato di serie B \u00e8 il campionato degli italiani? Beh, s\u00ec, considerando che conta quasi la totalit\u00e0 delle regioni dello Stivale. Ma non \u00e8 soltanto una questione di presenza, \u00e8 un concetto che abbraccia la provincia e il campanile, dove il calcio \u00e8 vissuto in maniera pi\u00f9 diretta e genuina \u2013 spiega ancora Campagna- \u00a0Cos\u00ec, ecco dipanarsi un\u2019antologia che ospita ventidue racconti come ventidue sono le realt\u00e0 calcistiche e cittadine che compongono la serie B targata 2015\/16, fondendo la religione sportiva degli italiani con la cronaca di quelle singole citt\u00e0. Ne \u00e8 nata una raccolta che s\u00ec insegue lo sport pi\u00f9 bello del mondo ma ne descrive anche gli spaccati, a volte in maniera dolce, altre senza miele sulla lingua, fotografando le realt\u00e0 distorte o alleviate dal tirare calci a un pallone, permettendo a chiunque di sognare anche dalla periferia il calcio del mito e della leggenda. Storie che hanno come sfondo i colori di Pescara e Virtus Lanciano, Avellino e Salernitana, Cesena e Modena, Virtus Entella e Spezia, Brescia e Como, Novara e Pro Vercelli, Ternana e Perugia, Latina e Cagliari, Trapani e Crotone, Ascoli e Bari, Livorno e Vicenza. E la bellezza dei racconti \u00e8 proprio questa: i diversi campanili, raccontati da scrittori, giornalisti e blogger dalle differenti anime, risultano emozionanti e vivi, come lo \u00e8 una partita di calcio risolta con un rigore (sacrosanto) al novantesimo\u201d.<\/p>\n","protected":false},"excerpt":{"rendered":"<p>LATINA &#8211;\u00a0Si intitola \u2018Il campionato degli italiani\u2019 l&#8217;antologia \u2018Il campionato degli italiani\u2019 (ed. ego\/omicron, pp 250) che sar\u00e0 presentata in Lega B a Milano, marted\u00ec 3 maggio\u00a0alle 12 alla presenza del presidente Andrea Abodi, dell\u2019allenatore Emiliano Mondonico, veterano di panchine in cadetteria, del giornalista Gianluca Di Marzio, una sorta di testimonial del mondo calcistico nazionale, [&hellip;]<\/p>\n","protected":false},"author":62,"featured_media":177334,"comment_status":"open","ping_status":"closed","sticky":false,"template":"","format":"standard","meta":{"footnotes":""},"categories":[16],"tags":[],"class_list":["post-177333","post","type-post","status-publish","format-standard","has-post-thumbnail","hentry","category-appuntamenti"],"_links":{"self":[{"href":"https:\/\/www.radioluna.it\/news\/wp-json\/wp\/v2\/posts\/177333","targetHints":{"allow":["GET"]}}],"collection":[{"href":"https:\/\/www.radioluna.it\/news\/wp-json\/wp\/v2\/posts"}],"about":[{"href":"https:\/\/www.radioluna.it\/news\/wp-json\/wp\/v2\/types\/post"}],"author":[{"embeddable":true,"href":"https:\/\/www.radioluna.it\/news\/wp-json\/wp\/v2\/users\/62"}],"replies":[{"embeddable":true,"href":"https:\/\/www.radioluna.it\/news\/wp-json\/wp\/v2\/comments?post=177333"}],"version-history":[{"count":0,"href":"https:\/\/www.radioluna.it\/news\/wp-json\/wp\/v2\/posts\/177333\/revisions"}],"wp:featuredmedia":[{"embeddable":true,"href":"https:\/\/www.radioluna.it\/news\/wp-json\/wp\/v2\/media\/177334"}],"wp:attachment":[{"href":"https:\/\/www.radioluna.it\/news\/wp-json\/wp\/v2\/media?parent=177333"}],"wp:term":[{"taxonomy":"category","embeddable":true,"href":"https:\/\/www.radioluna.it\/news\/wp-json\/wp\/v2\/categories?post=177333"},{"taxonomy":"post_tag","embeddable":true,"href":"https:\/\/www.radioluna.it\/news\/wp-json\/wp\/v2\/tags?post=177333"}],"curies":[{"name":"wp","href":"https:\/\/api.w.org\/{rel}","templated":true}]}}