{"id":177362,"date":"2016-05-02T13:52:18","date_gmt":"2016-05-02T11:52:18","guid":{"rendered":"http:\/\/www.radioluna.it\/news\/?p=177362"},"modified":"2016-05-02T14:10:39","modified_gmt":"2016-05-02T12:10:39","slug":"un-patto-donore-con-la-citta-per-i-candidati-di-lbc","status":"publish","type":"post","link":"https:\/\/www.radioluna.it\/news\/2016\/05\/un-patto-donore-con-la-citta-per-i-candidati-di-lbc\/","title":{"rendered":"Un Patto d\u2019Onore con la citt\u00e0  per i candidati di LBC"},"content":{"rendered":"<div id=\"fb-root\"><\/div>\n<p style=\"text-align: justify;\"><strong><a href=\"http:\/\/www.radioluna.it\/news\/wp-content\/uploads\/2016\/02\/damiano-coletta-LBC.jpg\"><img loading=\"lazy\" decoding=\"async\" class=\"aligncenter size-thumbnail wp-image-173581\" src=\"http:\/\/www.radioluna.it\/news\/wp-content\/uploads\/2016\/02\/damiano-coletta-LBC-635x423.jpg\" alt=\"damiano coletta LBC\" width=\"635\" height=\"423\" srcset=\"https:\/\/www.radioluna.it\/news\/wp-content\/uploads\/2016\/02\/damiano-coletta-LBC-635x423.jpg 635w, https:\/\/www.radioluna.it\/news\/wp-content\/uploads\/2016\/02\/damiano-coletta-LBC-768x511.jpg 768w, https:\/\/www.radioluna.it\/news\/wp-content\/uploads\/2016\/02\/damiano-coletta-LBC-500x333.jpg 500w, https:\/\/www.radioluna.it\/news\/wp-content\/uploads\/2016\/02\/damiano-coletta-LBC-600x400.jpg 600w, https:\/\/www.radioluna.it\/news\/wp-content\/uploads\/2016\/02\/damiano-coletta-LBC-300x200.jpg 300w, https:\/\/www.radioluna.it\/news\/wp-content\/uploads\/2016\/02\/damiano-coletta-LBC-800x533.jpg 800w, https:\/\/www.radioluna.it\/news\/wp-content\/uploads\/2016\/02\/damiano-coletta-LBC.jpg 960w\" sizes=\"auto, (max-width: 635px) 100vw, 635px\" \/><\/a>LATINA<\/strong> &#8211;\u00a0I candidati delle tre liste che sostengono la candidatura a sindaco del cardiologo Damiano Coletta (Latina Bene Comune, Latina Rinasce, Latina Bene Comune Giovani) hanno firmato un Patto d\u2019Onore con il movimento, ma soprattutto con i cittadini-elettori. &#8220;L\u2019impegno verso la citt\u00e0 \u00a0&#8211; spiegano in una nota &#8211; non pu\u00f2 essere limitato alla sola persona del candidato Sindaco, bens\u00ec deve essere riferimento per ognuno, nello spirito che \u00e8 proprio di Latina Bene Comune.\u00a0Si tratta di un vero e proprio Patto con la citt\u00e0, un\u2019assunzione di responsabilit\u00e0 verso tutti i cittadini, un documento che rappresenta una netta e completa rottura con il passato, con la malapolitica che ha inquinato Latina, lasciandola nel degrado morale e materiale&#8221;.<\/p>\n<p style=\"text-align: justify;\">Tra i punti del Patto, le dimissioni dalla carica pubblica eventualmente ricoperta a seguito delle elezioni amministrative, nel caso si volesse lasciare il movimento.<\/p>\n<p style=\"text-align: justify;\"><strong>IL TESTO<\/strong> &#8211; Nel Patto D\u2019Onore si legge:<\/p>\n<p>Dichiaro di volermi candidare nelle liste elettorali di Latina Bene Comune e in quanto candidato:<\/p>\n<p style=\"text-align: justify;\">Parteciper\u00f2 alla campagna elettorale con correttezza ed uso trasparente delle risorse.<br \/>\nSe sar\u00f2 eletto manterr\u00f2 un comportamento coerente con l\u2019impegno sottoscritto sulla base dei valori e del programma presentato da Latina Bene Comune e, in caso di cambiamento della mia posizione politica, mi dimetter\u00f2 lasciando il ruolo di consigliere comunale al primo non eletto.<br \/>\nAvr\u00f2 come principi fondamentali quelli della legalit\u00e0, della trasparenza, della democrazia e della solidariet\u00e0.<br \/>\nAdotter\u00f2 le misure pi\u00f9 consone per evitare ogni situazione o relazione che possa condurre ad un conflitto di interessi.<br \/>\nServir\u00f2 la comunit\u00e0 con diligenza e trasparenza, impegnandomi a svolgere il mandato come rappresentante e portavoce dei cittadini.<br \/>\nNon cumuler\u00f2 incarichi che possano precludere al buon compimento della funzione di consigliere comunale.<br \/>\nRendiconter\u00f2 periodicamente e manterr\u00f2 un contatto continuo con l\u2019assemblea degli iscritti e il direttivo di Latina Bene Comune.<\/p>\n<p style=\"text-align: justify;\">Il Patto D\u2019Onore \u00e8 stato tra i primi documenti elaborati da LBC, stilato gi\u00e0 ad inizio anno.<\/p>\n<p>&nbsp;<\/p>\n","protected":false},"excerpt":{"rendered":"<p>LATINA &#8211;\u00a0I candidati delle tre liste che sostengono la candidatura a sindaco del cardiologo Damiano Coletta (Latina Bene Comune, Latina Rinasce, Latina Bene Comune Giovani) hanno firmato un Patto d\u2019Onore con il movimento, ma soprattutto con i cittadini-elettori. &#8220;L\u2019impegno verso la citt\u00e0 \u00a0&#8211; spiegano in una nota &#8211; non pu\u00f2 essere limitato alla sola persona [&hellip;]<\/p>\n","protected":false},"author":62,"featured_media":173581,"comment_status":"open","ping_status":"closed","sticky":false,"template":"","format":"standard","meta":{"footnotes":""},"categories":[8],"tags":[],"class_list":["post-177362","post","type-post","status-publish","format-standard","has-post-thumbnail","hentry","category-politica"],"_links":{"self":[{"href":"https:\/\/www.radioluna.it\/news\/wp-json\/wp\/v2\/posts\/177362","targetHints":{"allow":["GET"]}}],"collection":[{"href":"https:\/\/www.radioluna.it\/news\/wp-json\/wp\/v2\/posts"}],"about":[{"href":"https:\/\/www.radioluna.it\/news\/wp-json\/wp\/v2\/types\/post"}],"author":[{"embeddable":true,"href":"https:\/\/www.radioluna.it\/news\/wp-json\/wp\/v2\/users\/62"}],"replies":[{"embeddable":true,"href":"https:\/\/www.radioluna.it\/news\/wp-json\/wp\/v2\/comments?post=177362"}],"version-history":[{"count":0,"href":"https:\/\/www.radioluna.it\/news\/wp-json\/wp\/v2\/posts\/177362\/revisions"}],"wp:featuredmedia":[{"embeddable":true,"href":"https:\/\/www.radioluna.it\/news\/wp-json\/wp\/v2\/media\/173581"}],"wp:attachment":[{"href":"https:\/\/www.radioluna.it\/news\/wp-json\/wp\/v2\/media?parent=177362"}],"wp:term":[{"taxonomy":"category","embeddable":true,"href":"https:\/\/www.radioluna.it\/news\/wp-json\/wp\/v2\/categories?post=177362"},{"taxonomy":"post_tag","embeddable":true,"href":"https:\/\/www.radioluna.it\/news\/wp-json\/wp\/v2\/tags?post=177362"}],"curies":[{"name":"wp","href":"https:\/\/api.w.org\/{rel}","templated":true}]}}